{"id":6669,"date":"2022-12-06T14:30:51","date_gmt":"2022-12-06T12:30:51","guid":{"rendered":"http:\/\/pedf.gdu.edu.az\/?p=6669"},"modified":"2022-12-06T14:30:51","modified_gmt":"2022-12-06T12:30:51","slug":"beyn%c9%99lxalq-elmi-praktik-konfranslarda-mu%c9%99lliml%c9%99rin-istiraki-genisl%c9%99nir","status":"publish","type":"post","link":"https:\/\/pedf.gdu.edu.az\/?p=6669","title":{"rendered":"Beyn\u0259lxalq elmi-praktik konfranslarda m\u00fc\u0259lliml\u0259rin i\u015ftirak\u0131 geni\u015fl\u0259nir"},"content":{"rendered":"\n<p>Az\u0259rbaycan Respublikas\u0131 Elm v\u0259 T\u0259hsil Nazirliyi v\u0259 \u00dc.Hac\u0131b\u0259yli ad\u0131na Bak\u0131 Musiqi Akademiyas\u0131n\u0131n t\u0259\u015fkilat\u00e7\u0131l\u0131\u011f\u0131 il\u0259 6-7 dekabr 2022-ci ild\u0259 ke\u00e7iril\u0259c\u0259k \u201cMultikultural sah\u0259d\u0259 \u0259n\u0259n\u0259vi v\u0259 klassik d\u0259y\u0259rl\u0259r\u201d m\u00f6vzusunda Beyn\u0259lxalq&nbsp;&nbsp;&nbsp;&nbsp;&nbsp;&nbsp;&nbsp;&nbsp;&nbsp;&nbsp;&nbsp;&nbsp;&nbsp;&nbsp;&nbsp;&nbsp;&nbsp;&nbsp;&nbsp;&nbsp;&nbsp;&nbsp;&nbsp;&nbsp; elmi-praktik konfrans\u0131n materiallar\u0131na \u201cMusiqi f\u0259nl\u0259ri\u201d kafedras\u0131n\u0131n \u0259m\u0259kda\u015flar\u0131n\u0131n 6 elmi m\u0259ruz\u0259si daxil edilmi\u015fdir:<\/p>\n\n\n\n<ol class=\"wp-block-list\" type=\"1\"><li>Qurban\u0259liyeva S.F. \u201c\u0418\u0434\u0435\u0438 \u043c\u0443\u043b\u044c\u0442\u0438\u043a\u0443\u043b\u044c\u0442\u0443\u0440\u0430\u043b\u0438\u0437\u043c\u0430 \u0432 \u0441\u043e\u0432\u0440\u0435\u043c\u0435\u043d\u043d\u043e\u043c \u0410\u0437\u0435\u0440\u0431\u0430\u0439\u0434\u0436\u0430\u043d\u0435\u201d<\/li><li>Hac\u0131yeva M.\u015e. \u201cQ.Qarayevin \u201cYeddi g\u00f6z\u0259l\u201d baletind\u0259 multikultural d\u0259y\u0259rl\u0259rin t\u0259zah\u00fcr\u00fc\u201d<\/li><li>Haqverdiyeva N.\u018f. \u201c\u0422\u0440\u0430\u0434\u0438\u0446\u0438\u0438 \u043c\u0443\u043b\u044c\u0442\u0438\u043a\u0443\u043b\u044c\u0442\u0443\u0440\u0430\u043b\u0438\u0437\u043c\u0430 \u0432 \u0442\u0432\u043e\u0440\u0447\u0435\u0441\u0442\u0432\u0435 \u041a\u0430\u0440\u0430 \u041a\u0430\u0440\u0430\u0435\u0432\u0430\u201d<\/li><li>R\u00fcst\u0259mova S.\u0130. \u201cAz\u0259rbaycan musiqisi v\u0259 multikultural d\u0259y\u0259rl\u0259r\u201d<\/li><li>Seyfullayeva N.N. \u201cB\u0259st\u0259kar T.Hac\u0131yevin yarad\u0131c\u0131l\u0131\u011f\u0131nda multikultural d\u0259y\u0259rl\u0259rin t\u0259c\u0259ss\u00fcm\u00fc\u201d<\/li><li>Ta\u011f\u0131yeva G.H., H\u0259s\u0259nova S.Z.&nbsp; \u201cAz\u0259rbaycanda ya\u015fayan azsayl\u0131 xalqlar\u0131n musiqi m\u0259d\u0259niyy\u0259tinin qorunmas\u0131, inki\u015faf\u0131 v\u0259 t\u0259bli\u011fi multikultural kontekstd\u0259\u201d<\/li><\/ol>\n\n\n\n<p>06 dekabr 2022-ci il tarixind\u0259 Konfrans\u0131n Plenar iclas\u0131nda&nbsp; professor S.F.Qurban\u0259liyeva onlayn \u00e7\u0131x\u0131\u015f etmi\u015f, i\u015ftirak\u00e7\u0131lar\u0131n suallar\u0131n\u0131 cavabland\u0131rm\u0131\u015fd\u0131r.<\/p>\n\n\n\n<p>B\u00f6lm\u0259 iclaslar\u0131nda m\u00fc\u0259lliml\u0259rin m\u0259ruz\u0259l\u0259ri dinl\u0259nil\u0259c\u0259kdir.<\/p>\n\n\n\n<figure class=\"wp-block-gallery columns-2 is-cropped wp-block-gallery-1 is-layout-flex wp-block-gallery-is-layout-flex\"><ul class=\"blocks-gallery-grid\"><li class=\"blocks-gallery-item\"><figure><a href=\"http:\/\/pedf.gdu.edu.az\/wp-content\/uploads\/2022\/12\/IMG-20221206-WA0003.jpg\" data-rel=\"lightbox-image-0\" data-rl_title=\"\" data-rl_caption=\"\" title=\"\"><img decoding=\"async\" src=\"http:\/\/pedf.gdu.edu.az\/wp-content\/uploads\/2022\/12\/IMG-20221206-WA0003.jpg\" alt=\"\" data-id=\"6670\" data-full-url=\"http:\/\/pedf.gdu.edu.az\/wp-content\/uploads\/2022\/12\/IMG-20221206-WA0003.jpg\" data-link=\"http:\/\/pedf.gdu.edu.az\/?attachment_id=6670#main\" class=\"wp-image-6670\"\/><\/a><\/figure><\/li><li class=\"blocks-gallery-item\"><figure><a href=\"http:\/\/pedf.gdu.edu.az\/wp-content\/uploads\/2022\/12\/IMG-20221206-WA0008.jpg\" data-rel=\"lightbox-image-1\" data-rl_title=\"\" data-rl_caption=\"\" title=\"\"><img decoding=\"async\" src=\"http:\/\/pedf.gdu.edu.az\/wp-content\/uploads\/2022\/12\/IMG-20221206-WA0008.jpg\" alt=\"\" data-id=\"6671\" data-full-url=\"http:\/\/pedf.gdu.edu.az\/wp-content\/uploads\/2022\/12\/IMG-20221206-WA0008.jpg\" data-link=\"http:\/\/pedf.gdu.edu.az\/?attachment_id=6671#main\" class=\"wp-image-6671\"\/><\/a><\/figure><\/li><\/ul><\/figure>\n","protected":false},"excerpt":{"rendered":"<p>Az\u0259rbaycan Respublikas\u0131 Elm v\u0259 T\u0259hsil Nazirliyi v\u0259 \u00dc.Hac\u0131b\u0259yli ad\u0131na Bak\u0131 Musiqi Akademiyas\u0131n\u0131n t\u0259\u015fkilat\u00e7\u0131l\u0131\u011f\u0131 il\u0259 6-7 dekabr 2022-ci ild\u0259 ke\u00e7iril\u0259c\u0259k \u201cMultikultural sah\u0259d\u0259 \u0259n\u0259n\u0259vi v\u0259 klassik d\u0259y\u0259rl\u0259r\u201d m\u00f6vzusunda Beyn\u0259lxalq&nbsp;&nbsp;&nbsp;&nbsp;&nbsp;&nbsp;&nbsp;&nbsp;&nbsp;&nbsp;&nbsp;&nbsp;&nbsp;&nbsp;&nbsp;&nbsp;&nbsp;&nbsp;&nbsp;&nbsp;&nbsp;&nbsp;&nbsp;&nbsp; elmi-praktik konfrans\u0131n materiallar\u0131na \u201cMusiqi f\u0259nl\u0259ri\u201d kafedras\u0131n\u0131n \u0259m\u0259kda\u015flar\u0131n\u0131n 6 elmi m\u0259ruz\u0259si daxil edilmi\u015fdir: Qurban\u0259liyeva S.F. \u201c\u0418\u0434\u0435\u0438 \u043c\u0443\u043b\u044c\u0442\u0438\u043a\u0443\u043b\u044c\u0442\u0443\u0440\u0430\u043b\u0438\u0437\u043c\u0430 \u0432 \u0441\u043e\u0432\u0440\u0435\u043c\u0435\u043d\u043d\u043e\u043c \u0410\u0437\u0435\u0440\u0431\u0430\u0439\u0434\u0436\u0430\u043d\u0435\u201d Hac\u0131yeva M.\u015e. \u201cQ.Qarayevin \u201cYeddi g\u00f6z\u0259l\u201d baletind\u0259 multikultural d\u0259y\u0259rl\u0259rin t\u0259zah\u00fcr\u00fc\u201d<\/p>\n<p><a href=\"https:\/\/pedf.gdu.edu.az\/?p=6669\" class=\"more-link themebutton\">Daha \u0259trafl\u0131 <\/a><\/p>\n","protected":false},"author":4,"featured_media":6670,"comment_status":"closed","ping_status":"open","sticky":false,"template":"","format":"standard","meta":{"footnotes":""},"categories":[1],"tags":[],"class_list":["post-6669","post","type-post","status-publish","format-standard","has-post-thumbnail","hentry","category-sas"],"_links":{"self":[{"href":"https:\/\/pedf.gdu.edu.az\/index.php?rest_route=\/wp\/v2\/posts\/6669","targetHints":{"allow":["GET"]}}],"collection":[{"href":"https:\/\/pedf.gdu.edu.az\/index.php?rest_route=\/wp\/v2\/posts"}],"about":[{"href":"https:\/\/pedf.gdu.edu.az\/index.php?rest_route=\/wp\/v2\/types\/post"}],"author":[{"embeddable":true,"href":"https:\/\/pedf.gdu.edu.az\/index.php?rest_route=\/wp\/v2\/users\/4"}],"replies":[{"embeddable":true,"href":"https:\/\/pedf.gdu.edu.az\/index.php?rest_route=%2Fwp%2Fv2%2Fcomments&post=6669"}],"version-history":[{"count":1,"href":"https:\/\/pedf.gdu.edu.az\/index.php?rest_route=\/wp\/v2\/posts\/6669\/revisions"}],"predecessor-version":[{"id":6672,"href":"https:\/\/pedf.gdu.edu.az\/index.php?rest_route=\/wp\/v2\/posts\/6669\/revisions\/6672"}],"wp:featuredmedia":[{"embeddable":true,"href":"https:\/\/pedf.gdu.edu.az\/index.php?rest_route=\/wp\/v2\/media\/6670"}],"wp:attachment":[{"href":"https:\/\/pedf.gdu.edu.az\/index.php?rest_route=%2Fwp%2Fv2%2Fmedia&parent=6669"}],"wp:term":[{"taxonomy":"category","embeddable":true,"href":"https:\/\/pedf.gdu.edu.az\/index.php?rest_route=%2Fwp%2Fv2%2Fcategories&post=6669"},{"taxonomy":"post_tag","embeddable":true,"href":"https:\/\/pedf.gdu.edu.az\/index.php?rest_route=%2Fwp%2Fv2%2Ftags&post=6669"}],"curies":[{"name":"wp","href":"https:\/\/api.w.org\/{rel}","templated":true}]}}