{"id":6353,"date":"2022-09-27T12:42:50","date_gmt":"2022-09-27T10:42:50","guid":{"rendered":"http:\/\/pedf.gdu.edu.az\/?p=6353"},"modified":"2022-09-27T12:43:40","modified_gmt":"2022-09-27T10:43:40","slug":"anim-gunu","status":"publish","type":"post","link":"https:\/\/pedf.gdu.edu.az\/?p=6353","title":{"rendered":"An\u0131m G\u00fcn\u00fc"},"content":{"rendered":"\n<figure class=\"wp-block-image size-full is-resized is-style-default\"><img loading=\"lazy\" decoding=\"async\" src=\"http:\/\/pedf.gdu.edu.az\/wp-content\/uploads\/2022\/09\/anim-gunu.jpg\" alt=\"\" class=\"wp-image-6354\" width=\"129\" height=\"129\"\/><\/figure>\n\n\n\n<p><strong>An\u0131m G\u00fcn\u00fc<\/strong>&nbsp;\u2014&nbsp;Az\u0259rbaycan Respublikas\u0131nda&nbsp;2020-ci il sentyabr\u0131n 27-d\u0259n noyabr\u0131n 10-a q\u0259d\u0259r davam ed\u0259n \u0130kinci Qaraba\u011f m\u00fcharib\u0259sind\u0259 h\u0259yat\u0131n\u0131 itir\u0259n \u015f\u0259hidl\u0259rin xatir\u0259sinin an\u0131lmas\u0131. An\u0131m G\u00fcn\u00fc m\u00fcharib\u0259nin ba\u015fland\u0131\u011f\u0131 g\u00fcn sentyabr\u0131n 27-d\u0259 ke\u00e7irilir.&nbsp;Prezident \u0130lham \u018fliyevin&nbsp;2020-ci il dekabr\u0131n 2-d\u0259 imzalad\u0131\u011f\u0131 &#8220;Az\u0259rbaycan Respublikas\u0131nda An\u0131m G\u00fcn\u00fcn\u00fcn t\u0259sis edilm\u0259si haqq\u0131nda&#8221; s\u0259r\u0259ncama \u0259sas\u0259n qeyd edilir.<\/p>\n","protected":false},"excerpt":{"rendered":"<p>An\u0131m G\u00fcn\u00fc&nbsp;\u2014&nbsp;Az\u0259rbaycan Respublikas\u0131nda&nbsp;2020-ci il sentyabr\u0131n 27-d\u0259n noyabr\u0131n 10-a q\u0259d\u0259r davam ed\u0259n \u0130kinci Qaraba\u011f m\u00fcharib\u0259sind\u0259 h\u0259yat\u0131n\u0131 itir\u0259n \u015f\u0259hidl\u0259rin xatir\u0259sinin an\u0131lmas\u0131. An\u0131m G\u00fcn\u00fc m\u00fcharib\u0259nin ba\u015fland\u0131\u011f\u0131 g\u00fcn sentyabr\u0131n 27-d\u0259 ke\u00e7irilir.&nbsp;Prezident \u0130lham \u018fliyevin&nbsp;2020-ci il dekabr\u0131n 2-d\u0259 imzalad\u0131\u011f\u0131 &#8220;Az\u0259rbaycan Respublikas\u0131nda An\u0131m G\u00fcn\u00fcn\u00fcn t\u0259sis edilm\u0259si haqq\u0131nda&#8221; s\u0259r\u0259ncama \u0259sas\u0259n qeyd edilir.<\/p>\n","protected":false},"author":4,"featured_media":6354,"comment_status":"closed","ping_status":"open","sticky":false,"template":"","format":"standard","meta":{"footnotes":""},"categories":[5],"tags":[],"class_list":["post-6353","post","type-post","status-publish","format-standard","has-post-thumbnail","hentry","category-elanlar"],"_links":{"self":[{"href":"https:\/\/pedf.gdu.edu.az\/index.php?rest_route=\/wp\/v2\/posts\/6353","targetHints":{"allow":["GET"]}}],"collection":[{"href":"https:\/\/pedf.gdu.edu.az\/index.php?rest_route=\/wp\/v2\/posts"}],"about":[{"href":"https:\/\/pedf.gdu.edu.az\/index.php?rest_route=\/wp\/v2\/types\/post"}],"author":[{"embeddable":true,"href":"https:\/\/pedf.gdu.edu.az\/index.php?rest_route=\/wp\/v2\/users\/4"}],"replies":[{"embeddable":true,"href":"https:\/\/pedf.gdu.edu.az\/index.php?rest_route=%2Fwp%2Fv2%2Fcomments&post=6353"}],"version-history":[{"count":2,"href":"https:\/\/pedf.gdu.edu.az\/index.php?rest_route=\/wp\/v2\/posts\/6353\/revisions"}],"predecessor-version":[{"id":6356,"href":"https:\/\/pedf.gdu.edu.az\/index.php?rest_route=\/wp\/v2\/posts\/6353\/revisions\/6356"}],"wp:featuredmedia":[{"embeddable":true,"href":"https:\/\/pedf.gdu.edu.az\/index.php?rest_route=\/wp\/v2\/media\/6354"}],"wp:attachment":[{"href":"https:\/\/pedf.gdu.edu.az\/index.php?rest_route=%2Fwp%2Fv2%2Fmedia&parent=6353"}],"wp:term":[{"taxonomy":"category","embeddable":true,"href":"https:\/\/pedf.gdu.edu.az\/index.php?rest_route=%2Fwp%2Fv2%2Fcategories&post=6353"},{"taxonomy":"post_tag","embeddable":true,"href":"https:\/\/pedf.gdu.edu.az\/index.php?rest_route=%2Fwp%2Fv2%2Ftags&post=6353"}],"curies":[{"name":"wp","href":"https:\/\/api.w.org\/{rel}","templated":true}]}}