{"id":6268,"date":"2022-06-15T22:12:42","date_gmt":"2022-06-15T20:12:42","guid":{"rendered":"http:\/\/pedf.gdu.edu.az\/?p=6268"},"modified":"2022-06-15T22:12:42","modified_gmt":"2022-06-15T20:12:42","slug":"15-iyun-milli-qurtulus-gunu-2","status":"publish","type":"post","link":"https:\/\/pedf.gdu.edu.az\/?p=6268","title":{"rendered":"15 \u0130yun \u2013 Milli Qurtulu\u015f G\u00fcn\u00fc"},"content":{"rendered":"\n<p>Az\u0259rbaycan xalq\u0131n\u0131n taleyind\u0259 b\u00f6y\u00fck \u0259h\u0259miyy\u0259t da\u015f\u0131yan el\u0259 g\u00fcnl\u0259r var ki, h\u0259min g\u00fcnl\u0259rd\u0259 onun g\u0259l\u0259c\u0259k h\u0259yat\u0131n\u0131 m\u00fc\u0259yy\u0259n ed\u0259n m\u00fch\u00fcm ba\u015flan\u011f\u0131clar\u0131n \u0259sas\u0131 qoyulub. Bel\u0259 g\u00fcnl\u0259rd\u0259n \u0259n \u00f6n\u0259mlisi tariximiz\u0259 q\u0131z\u0131l h\u0259rfl\u0259rl\u0259 yaz\u0131lm\u0131\u015f 15 \u0130yun \u2013 Milli Qurtulu\u015f G\u00fcn\u00fcd\u00fcr. Milli Qurtulu\u015f G\u00fcn\u00fc Az\u0259rbaycan xalq\u0131 \u00fc\u00e7\u00fcn sad\u0259c\u0259 t\u0259qvim bayram\u0131 deyil, b\u00f6y\u00fck ictimai, siyasi v\u0259 tarixi \u0259h\u0259miyy\u0259t\u0259 malik bir g\u00fcnd\u00fcr. \u0130yunun 15-i xalq\u0131m\u0131z \u00fc\u00e7\u00fcn \u0259sl qurtulu\u015f tarixidir. Bu tarixi yaradan is\u0259 Az\u0259rbaycan\u0131n m\u00fcst\u0259qilliyinin qorunub saxlanmas\u0131nda, m\u00f6hk\u0259ml\u0259nm\u0259sind\u0259, inki\u015faf\u0131nda m\u00fcst\u0259sna rol oynayan, daim xalq\u0131na arxalanan Heyd\u0259r \u018fliyev olub.<\/p>\n\n\n\n<p>XX \u0259srin sonlar\u0131nda yenid\u0259n m\u00fcst\u0259qillik qazanmaq kimi tarixi f\u00fcrs\u0259ti \u0259ld\u0259 ed\u0259n Az\u0259rbaycan q\u0131sa vaxtdan sonra onun itirilm\u0259si t\u0259hl\u00fck\u0259si il\u0259 \u00fczl\u0259\u015fdi. \u00d6lk\u0259d\u0259 hakimiyy\u0259t b\u00f6hran\u0131 1993-c\u00fc ilin iyununda kulminasiya h\u0259ddin\u0259 \u00e7atd\u0131, xaos v\u0259 anarxiya respublikan\u0131 b\u00fcr\u00fcd\u00fc.\u00dcmummilli lider Heyd\u0259r \u018fliyev m\u00fcst\u0259qilliyimizin h\u0259min m\u0259rh\u0259l\u0259sini bel\u0259 xarakteriz\u0259 edirdi: \u201cAz\u0259rbaycan b\u00f6y\u00fck t\u0259hl\u00fck\u0259 qar\u015f\u0131s\u0131nda idi. \u00c7\u00fcnki Az\u0259rbaycan\u0131n m\u00fcst\u0259qil ya\u015famas\u0131n\u0131n \u0259leyhin\u0259 olan h\u0259m daxild\u0259ki q\u00fcvv\u0259l\u0259r g\u00fccl\u00fc idi, h\u0259m d\u0259 Az\u0259rbaycan kimi b\u00f6y\u00fck co\u011frafi-strateji \u0259h\u0259miyy\u0259t\u0259, z\u0259ngin t\u0259bii s\u0259rv\u0259tl\u0259r\u0259 malik olan \u00f6lk\u0259nin tam m\u00fcst\u0259qil olmas\u0131 ba\u015fqa \u00f6lk\u0259l\u0259rd\u0259 b\u0259zi dair\u0259l\u0259ri qane etmirdi. Erm\u0259nistan\u0131n Az\u0259rbaycana etdiyi t\u0259cav\u00fcz v\u0259 bunun n\u0259tic\u0259sind\u0259 Az\u0259rbaycan\u0131n z\u0259ifl\u0259m\u0259si, m\u0259\u011flubiyy\u0259t\u0259 u\u011framas\u0131, ikinci t\u0259r\u0259fd\u0259n d\u0259 daxild\u0259 hakimiyy\u0259t \u00e7\u0259ki\u015fm\u0259si 1992-ci ilin iyun ay\u0131nda hakimiyy\u0259t\u0259 g\u0259lmi\u015f q\u00fcvv\u0259l\u0259ri bir ild\u0259n sonra hakimiyy\u0259td\u0259n sald\u0131, xalq \u00f6z\u00fc sald\u0131\u201d.<\/p>\n\n\n\n<p>\u0130yunun 15-d\u0259 Heyd\u0259r \u018fliyev Az\u0259rbaycan Ali Sovetinin s\u0259dri se\u00e7ildi v\u0259 b\u00f6y\u00fck riskl\u0259r\u0259 baxmayaraq, xalq\u0131n qurtulu\u015fu missiyas\u0131n\u0131 c\u0259sar\u0259tl\u0259 \u00f6z \u00fcz\u0259rin\u0259 g\u00f6t\u00fcrd\u00fc.<\/p>\n\n\n\n<p>\u201cM\u0259nim h\u0259yat\u0131m da, f\u0259aliyy\u0259tim d\u0259 yaln\u0131z v\u0259 yaln\u0131z Az\u0259rbaycan\u0131n m\u00fcst\u0259qilliyinin qorunub saxlanmas\u0131na, \u00f6lk\u0259mizin bu a\u011f\u0131r v\u0259ziyy\u0259td\u0259n qalxmas\u0131na h\u0259sr olunacaqd\u0131r\u201d, \u2013 dey\u0259n \u00dcmummilli Lider probleml\u0259rin h\u0259lli \u00fc\u00e7\u00fcn \u00f6lk\u0259d\u0259 v\u0259t\u0259nda\u015f h\u0259mr\u0259yliyini, sabitliyi son d\u0259r\u0259c\u0259 vacib say\u0131rd\u0131: \u201c\u018fg\u0259r respublikada ictimai-siyasi sabitlik olmasa, sa\u011flam ictimai-siyasi m\u00fchit olmasa, he\u00e7 bir sosial-iqtisadi proqramdan, yaxud probleml\u0259rin h\u0259ll edilm\u0259sind\u0259n s\u00f6hb\u0259t ged\u0259 bilm\u0259z\u201d. Heyd\u0259r \u018fliyev \u00f6z xilaskarl\u0131q missiyas\u0131 il\u0259 \u00f6lk\u0259mizin m\u00fcst\u0259qilliyini qorudu, respublikada t\u00fc\u011fyan ed\u0259n ictimai-siyasi b\u00f6hran\u0131 aradan qald\u0131rd\u0131 v\u0259 inki\u015faf\u0131n t\u0259m\u0259lini qoydu.<\/p>\n\n\n\n<p>Milli M\u0259clisin 1993-c\u00fc il iyunun 15-d\u0259 ke\u00e7iril\u0259n iclas\u0131ndak\u0131 \u00e7\u0131x\u0131\u015f\u0131nda Ulu \u00d6nd\u0259r Az\u0259rbaycan d\u00f6vl\u0259t\u00e7iliyinin g\u0259l\u0259c\u0259k inki\u015faf strategiyas\u0131n\u0131 elan etdi v\u0259 sonrak\u0131 ill\u0259rd\u0259 onu h\u0259yata ke\u00e7irdi.<\/p>\n\n\n\n<p>\u018fg\u0259r m\u00fcst\u0259qilliyi qazanmaq ilkin \u015f\u0259rt idis\u0259, ikinci vacib m\u0259s\u0259l\u0259 onu qoruyub inki\u015faf etdirm\u0259k idi. Bu, \u00dcmummilli Liderin irad\u0259si say\u0259sind\u0259 reall\u0131\u011fa \u00e7evrildi. Heyd\u0259r \u018fliyev milli d\u00f6vl\u0259t\u00e7iliyimizin konsepsiyas\u0131n\u0131 yaratd\u0131. B\u00fct\u00fcn mane\u0259l\u0259r\u0259 baxmayaraq \u0259n q\u0131sa m\u00fcdd\u0259td\u0259 \u00f6lk\u0259d\u0259 ictimai-siyasi sabitlik b\u0259rpa olundu.<\/p>\n\n\n\n<p>H\u0259yat\u0131n b\u00fct\u00fcn sah\u0259l\u0259rind\u0259 t\u0259r\u0259qqi v\u0259 dir\u00e7\u0259li\u015f ba\u015f verdi. Heyd\u0259r \u018fliyev d\u00fchas\u0131n\u0131n xidm\u0259tl\u0259ri olan bu nailiyy\u0259tl\u0259r Az\u0259rbaycan\u0131 m\u0259hv olmaqdan qurtard\u0131, m\u00fcst\u0259qilliyimizi daimi, \u0259b\u0259di, sars\u0131lmaz, d\u00f6nm\u0259z etdi. B\u00fct\u00fcn bunlar 1993-c\u00fc il 15 iyun tarixinin nailiyy\u0259tl\u0259ridir. Heyd\u0259r \u018fliyevin xalq\u0131m\u0131z v\u0259 tariximiz qar\u015f\u0131s\u0131nda \u0259n b\u00f6y\u00fck xidm\u0259tl\u0259ri k\u0259skin geosiyasi ziddiyy\u0259tl\u0259rin m\u00f6vcud oldu\u011fu bir \u015f\u0259raitd\u0259 Az\u0259rbaycan d\u00f6vl\u0259t\u00e7iliyini xilas etm\u0259sind\u0259, \u00f6lk\u0259mizi par\u00e7alan\u0131b yox olmaq t\u0259hl\u00fck\u0259sind\u0259n qurtarmas\u0131nda idi. D\u00f6vl\u0259timizin qorunub saxlanmas\u0131 is\u0259 azadl\u0131\u011f\u0131m\u0131z\u0131n, m\u00fcst\u0259qilliyimizin qorunub saxlanmas\u0131, qurtulu\u015f dem\u0259kdir.<\/p>\n\n\n\n<p>Ulu \u00f6nd\u0259r Heyd\u0259r \u018fliyev Az\u0259rbaycan\u0131 q\u00fcdr\u0259tli, n\u00fcfuzlu, demokratik d\u00f6vl\u0259t kimi g\u00f6rm\u0259k ist\u0259yirdi, onun h\u0259r add\u0131m v\u0259 h\u0259r\u0259k\u0259tl\u0259ri m\u0259hz buna y\u00f6n\u0259lmi\u015fdi. M\u0259hz \u00dcmummilli Liderin uzaqg\u00f6r\u0259n siyas\u0259ti n\u0259tic\u0259sind\u0259 1995-ci ilin noyabr\u0131nda demokratik, h\u00fcquqi d\u00f6vl\u0259tin t\u0259m\u0259lini t\u0259\u015fkil ed\u0259n Konstitusiya q\u0259bul olundu. Bel\u0259likl\u0259, \u00f6lk\u0259d\u0259 daha geni\u015fmiqyasl\u0131 islahatlar apar\u0131lmas\u0131 \u00fc\u00e7\u00fcn normativ-h\u00fcquqi bazan\u0131n formala\u015fd\u0131r\u0131lmas\u0131na ba\u015flan\u0131ld\u0131. Odur ki, Milli Qurtulu\u015f G\u00fcn\u00fc Az\u0259rbaycan d\u00f6vl\u0259t\u00e7iliyinin xilas g\u00fcn\u00fcd\u00fcr. Qurtulu\u015f g\u00fcn\u00fc Az\u0259rbaycan\u0131n xaosdan, anarxiyadan, h\u0259rc-m\u0259rclikd\u0259n, \u00f6zba\u015f\u0131nal\u0131qdan, par\u00e7alanma t\u0259hl\u00fck\u0259sind\u0259n qurtuldu\u011fu, sabitliy\u0259, \u0259min-amanl\u0131\u011fa, demokratiyaya qovu\u015fdu\u011fu g\u00fcnd\u00fcr. \u00dcmummilli Liderin q\u0259tiyy\u0259ti xalqa ruh y\u00fcks\u0259kliyi g\u0259tirdi, inam\u0131m\u0131z\u0131 \u00f6z\u00fcm\u00fcz\u0259 qaytard\u0131. 15 \u0130yun tarixi t\u0259kc\u0259 d\u00f6vl\u0259t\u00e7iliyimizin xilas\u0131 deyildi. Bu tarix h\u0259m d\u0259 Az\u0259rbaycan\u0131n bu g\u00fcn\u00fcn\u00fc, sabah\u0131n\u0131 m\u00fc\u0259yy\u0259nl\u0259\u015fdirdi.<\/p>\n\n\n\n<p>Qazan\u0131lan b\u00fct\u00fcn nailiyy\u0259tl\u0259rin \u0259sas\u0131nda \u00dcmummilli Lider t\u0259r\u0259find\u0259n m\u00fc\u0259yy\u0259nl\u0259\u015fdiril\u0259n siyasi kurs v\u0259 Prezident \u0130lham \u018fliyevin bu siyasi kursu u\u011furla davam etdirm\u0259si fakt\u0131 dayan\u0131r. Bu g\u00fcn\u00fcn f\u00f6vq\u00fcnd\u0259n baxanda Az\u0259rbaycan\u0131n g\u0259l\u0259c\u0259yi daha i\u015f\u0131ql\u0131 v\u0259 firavan g\u00f6r\u00fcn\u00fcr. \u00c7\u00fcnki m\u00fcst\u0259qil Az\u0259rbaycan\u0131n idar\u0259\u00e7ilik s\u00fckan\u0131 ulu \u00f6nd\u0259r Heyd\u0259r \u018fliyevin siyasi varisi Prezident \u0130lham \u018fliyevin \u0259lind\u0259dir.<\/p>\n\n\n\n<p>Prezident \u0130lham \u018fliyevin bu siyas\u0259ti u\u011furla h\u0259yata ke\u00e7irm\u0259si n\u0259tic\u0259sind\u0259 Az\u0259rbaycan d\u00fcnyan\u0131n dinamik inki\u015faf ed\u0259n, modernl\u0259\u015f\u0259n, beyn\u0259lxalq miqyasda n\u00fcfuzu g\u00fcnd\u0259n-g\u00fcn\u0259 artan d\u00f6vl\u0259tin\u0259 \u00e7evrilib, \u00f6t\u0259n d\u00f6vr \u0259rzind\u0259 m\u00f6ht\u0259\u015f\u0259m iqtisadi u\u011furlara imza at\u0131l\u0131b. Bunu t\u0259kc\u0259 Az\u0259rbaycan v\u0259t\u0259nda\u015flar\u0131 deyil, b\u00fct\u00fcn d\u00fcnya t\u0259sdiq edir. Az\u0259rbaycana g\u0259l\u0259n h\u0259r bir \u015f\u0259xs \u00f6lk\u0259mizd\u0259 ged\u0259n inki\u015fafa heyran qal\u0131r. Bu g\u00fcn xalq\u0131m\u0131z \u0259mindir ki, m\u00fcst\u0259qil Az\u0259rbaycan Heyd\u0259r \u018fliyev ideyalar\u0131 i\u015f\u0131\u011f\u0131nda Prezident \u0130lham \u018fliyevin r\u0259hb\u0259rliyi il\u0259 daha y\u00fcks\u0259k zirv\u0259l\u0259r f\u0259th ed\u0259c\u0259k.<\/p>\n","protected":false},"excerpt":{"rendered":"<p>Az\u0259rbaycan xalq\u0131n\u0131n taleyind\u0259 b\u00f6y\u00fck \u0259h\u0259miyy\u0259t da\u015f\u0131yan el\u0259 g\u00fcnl\u0259r var ki, h\u0259min g\u00fcnl\u0259rd\u0259 onun g\u0259l\u0259c\u0259k h\u0259yat\u0131n\u0131 m\u00fc\u0259yy\u0259n ed\u0259n m\u00fch\u00fcm ba\u015flan\u011f\u0131clar\u0131n \u0259sas\u0131 qoyulub. Bel\u0259 g\u00fcnl\u0259rd\u0259n \u0259n \u00f6n\u0259mlisi tariximiz\u0259 q\u0131z\u0131l h\u0259rfl\u0259rl\u0259 yaz\u0131lm\u0131\u015f 15 \u0130yun \u2013 Milli Qurtulu\u015f G\u00fcn\u00fcd\u00fcr. Milli Qurtulu\u015f G\u00fcn\u00fc Az\u0259rbaycan xalq\u0131 \u00fc\u00e7\u00fcn sad\u0259c\u0259 t\u0259qvim bayram\u0131 deyil, b\u00f6y\u00fck ictimai, siyasi v\u0259 tarixi \u0259h\u0259miyy\u0259t\u0259 malik bir g\u00fcnd\u00fcr. \u0130yunun<\/p>\n<p><a href=\"https:\/\/pedf.gdu.edu.az\/?p=6268\" class=\"more-link themebutton\">Daha \u0259trafl\u0131 <\/a><\/p>\n","protected":false},"author":4,"featured_media":6269,"comment_status":"closed","ping_status":"open","sticky":false,"template":"","format":"standard","meta":{"footnotes":""},"categories":[3],"tags":[],"class_list":["post-6268","post","type-post","status-publish","format-standard","has-post-thumbnail","hentry","category-xbrlr"],"_links":{"self":[{"href":"https:\/\/pedf.gdu.edu.az\/index.php?rest_route=\/wp\/v2\/posts\/6268","targetHints":{"allow":["GET"]}}],"collection":[{"href":"https:\/\/pedf.gdu.edu.az\/index.php?rest_route=\/wp\/v2\/posts"}],"about":[{"href":"https:\/\/pedf.gdu.edu.az\/index.php?rest_route=\/wp\/v2\/types\/post"}],"author":[{"embeddable":true,"href":"https:\/\/pedf.gdu.edu.az\/index.php?rest_route=\/wp\/v2\/users\/4"}],"replies":[{"embeddable":true,"href":"https:\/\/pedf.gdu.edu.az\/index.php?rest_route=%2Fwp%2Fv2%2Fcomments&post=6268"}],"version-history":[{"count":1,"href":"https:\/\/pedf.gdu.edu.az\/index.php?rest_route=\/wp\/v2\/posts\/6268\/revisions"}],"predecessor-version":[{"id":6270,"href":"https:\/\/pedf.gdu.edu.az\/index.php?rest_route=\/wp\/v2\/posts\/6268\/revisions\/6270"}],"wp:featuredmedia":[{"embeddable":true,"href":"https:\/\/pedf.gdu.edu.az\/index.php?rest_route=\/wp\/v2\/media\/6269"}],"wp:attachment":[{"href":"https:\/\/pedf.gdu.edu.az\/index.php?rest_route=%2Fwp%2Fv2%2Fmedia&parent=6268"}],"wp:term":[{"taxonomy":"category","embeddable":true,"href":"https:\/\/pedf.gdu.edu.az\/index.php?rest_route=%2Fwp%2Fv2%2Fcategories&post=6268"},{"taxonomy":"post_tag","embeddable":true,"href":"https:\/\/pedf.gdu.edu.az\/index.php?rest_route=%2Fwp%2Fv2%2Ftags&post=6268"}],"curies":[{"name":"wp","href":"https:\/\/api.w.org\/{rel}","templated":true}]}}