{"id":6149,"date":"2022-05-06T12:28:00","date_gmt":"2022-05-06T10:28:00","guid":{"rendered":"https:\/\/pedf.gdu.edu.az\/?p=6149"},"modified":"2022-05-12T08:43:14","modified_gmt":"2022-05-12T06:43:14","slug":"elmi-sura-37","status":"publish","type":"post","link":"https:\/\/pedf.gdu.edu.az\/?p=6149","title":{"rendered":"Elmi \u015fura"},"content":{"rendered":"\n<p>06.05.2022-ci il tarixind\u0259 Pedaqoji fak\u00fclt\u0259d\u0259 Elmi \u015fura ke\u00e7irilmi\u015fdir. Elmi \u015eurada a\u015fa\u011f\u0131dak\u0131 m\u0259s\u0259l\u0259l\u0259r m\u00fczakir\u0259 olunmu\u015fdur:\u00a0<\/p>\n\n\n\n<ol class=\"wp-block-list\"><li>2021-2022-ci t\u0259dris ilinin yaz imtahan sessiyas\u0131na haz\u0131rl\u0131q t\u0259dbirl\u0259ri. &#8211; dos. Z.H\u00fcseynzad\u0259<\/li><li>Pedaqoji t\u0259cr\u00fcb\u0259nin gedi\u015fi v\u0259ziyy\u0259ti. -dekan m\u00fcavini \u0130.Haqverdiyev.<\/li><li>Fak\u00fclt\u0259 TEC-nin illik hesabat\u0131.<\/li><li>M\u00fcsabiq\u0259 \u00fczr\u0259 m\u00fc\u0259llim se\u00e7kisi.<\/li><li>Cari m\u0259s\u0259l\u0259: Se\u00e7m\u0259 f\u0259nl\u0259rin m\u00fczakir\u0259si.<\/li><\/ol>\n","protected":false},"excerpt":{"rendered":"<p>06.05.2022-ci il tarixind\u0259 Pedaqoji fak\u00fclt\u0259d\u0259 Elmi \u015fura ke\u00e7irilmi\u015fdir. Elmi \u015eurada a\u015fa\u011f\u0131dak\u0131 m\u0259s\u0259l\u0259l\u0259r m\u00fczakir\u0259 olunmu\u015fdur:\u00a0 2021-2022-ci t\u0259dris ilinin yaz imtahan sessiyas\u0131na haz\u0131rl\u0131q t\u0259dbirl\u0259ri. &#8211; dos. Z.H\u00fcseynzad\u0259 Pedaqoji t\u0259cr\u00fcb\u0259nin gedi\u015fi v\u0259ziyy\u0259ti. -dekan m\u00fcavini \u0130.Haqverdiyev. Fak\u00fclt\u0259 TEC-nin illik hesabat\u0131. M\u00fcsabiq\u0259 \u00fczr\u0259 m\u00fc\u0259llim se\u00e7kisi. Cari m\u0259s\u0259l\u0259: Se\u00e7m\u0259 f\u0259nl\u0259rin m\u00fczakir\u0259si.<\/p>\n","protected":false},"author":4,"featured_media":0,"comment_status":"closed","ping_status":"open","sticky":false,"template":"","format":"standard","meta":{"footnotes":""},"categories":[18],"tags":[],"class_list":["post-6149","post","type-post","status-publish","format-standard","hentry","category-elmi-sura"],"_links":{"self":[{"href":"https:\/\/pedf.gdu.edu.az\/index.php?rest_route=\/wp\/v2\/posts\/6149","targetHints":{"allow":["GET"]}}],"collection":[{"href":"https:\/\/pedf.gdu.edu.az\/index.php?rest_route=\/wp\/v2\/posts"}],"about":[{"href":"https:\/\/pedf.gdu.edu.az\/index.php?rest_route=\/wp\/v2\/types\/post"}],"author":[{"embeddable":true,"href":"https:\/\/pedf.gdu.edu.az\/index.php?rest_route=\/wp\/v2\/users\/4"}],"replies":[{"embeddable":true,"href":"https:\/\/pedf.gdu.edu.az\/index.php?rest_route=%2Fwp%2Fv2%2Fcomments&post=6149"}],"version-history":[{"count":1,"href":"https:\/\/pedf.gdu.edu.az\/index.php?rest_route=\/wp\/v2\/posts\/6149\/revisions"}],"predecessor-version":[{"id":6150,"href":"https:\/\/pedf.gdu.edu.az\/index.php?rest_route=\/wp\/v2\/posts\/6149\/revisions\/6150"}],"wp:attachment":[{"href":"https:\/\/pedf.gdu.edu.az\/index.php?rest_route=%2Fwp%2Fv2%2Fmedia&parent=6149"}],"wp:term":[{"taxonomy":"category","embeddable":true,"href":"https:\/\/pedf.gdu.edu.az\/index.php?rest_route=%2Fwp%2Fv2%2Fcategories&post=6149"},{"taxonomy":"post_tag","embeddable":true,"href":"https:\/\/pedf.gdu.edu.az\/index.php?rest_route=%2Fwp%2Fv2%2Ftags&post=6149"}],"curies":[{"name":"wp","href":"https:\/\/api.w.org\/{rel}","templated":true}]}}