{"id":5159,"date":"2020-02-18T16:08:00","date_gmt":"2020-02-18T14:08:00","guid":{"rendered":"http:\/\/pedf.gdu.edu.az\/?p=5159"},"modified":"2020-02-20T14:53:30","modified_gmt":"2020-02-20T12:53:30","slug":"sosial-pedaqogikanin-movzusu-m%c9%99qs%c9%99di-v%c9%99-v%c9%99zif%c9%99l%c9%99ri-movzusunda-aciq-d%c9%99rs-kecirildi","status":"publish","type":"post","link":"https:\/\/pedf.gdu.edu.az\/?p=5159","title":{"rendered":"\u201cSosial pedaqogikan\u0131n m\u00f6vzusu, m\u0259qs\u0259di v\u0259 v\u0259zif\u0259l\u0259ri\u201d   m\u00f6vzusunda  a\u00e7\u0131q d\u0259rs ke\u00e7irildi"},"content":{"rendered":"\n<p>18.02.2020-ci il tarixind\u0259  (27.12.2019-cu<strong> <\/strong>il tarixli\u00abAz\u0259rbaycan\u00bb q\u0259zetind\u0259 d\u0259rc olunmu\u015f 49(8864) sayl\u0131 m\u00fcsabiq\u0259 elan\u0131na \u0259sas\u0259n kafedrada\u00a0 bo\u015f olan 1.0 \u015ftat ba\u015f m\u00fc\u0259llim yerini tutmaq \u00fc\u00e7\u00fcn) R\u0259fiq\u0259 \u018fmirxan q\u0131z\u0131 \u0130sg\u0259nd\u0259rovan\u0131n Pedaqoji fak\u00fclt\u0259nin \u201c\u0130btidai sinif m\u00fc\u0259llimi\u201d ixtisas\u0131n\u0131n III kursunda Sosial pedaqogika f\u0259nnind\u0259n \u201cSosial pedaqogikan\u0131n m\u00f6vzusu, m\u0259qs\u0259di v\u0259 v\u0259zif\u0259l\u0259ri\u201d   m\u00f6vzusunda  a\u00e7\u0131q d\u0259rsi ke\u00e7irildi.  D\u0259rsd\u0259 Pedaqoji fak\u00fclt\u0259nin dekan\u0131 dos.B.Apoyev,  dekan m\u00fcavini dos. \u0130.Haqverdiyev, T\u0259hsilin pedaqogikas\u0131 v\u0259 metodikas\u0131 kafedras\u0131n\u0131n m\u00fcdiri dos.A.Quliyev, b\/m \u018f.\u015e\u0259rifova, L.R\u00fcst\u0259mova v\u0259 bir qrup \u0259m\u0259kda\u015flar\u0131 i\u015ftrak edirdil\u0259r.  <\/p>\n\n\n\n<p> <img loading=\"lazy\" decoding=\"async\" width=\"150\" height=\"84\" class=\"wp-image-5161\" style=\"width: 150px;\" src=\"http:\/\/pedf.gdu.edu.az\/wp-content\/uploads\/2020\/02\/IMG-20200220-WA0003.jpg\" alt=\"\" srcset=\"https:\/\/pedf.gdu.edu.az\/wp-content\/uploads\/2020\/02\/IMG-20200220-WA0003.jpg 1024w, https:\/\/pedf.gdu.edu.az\/wp-content\/uploads\/2020\/02\/IMG-20200220-WA0003-768x432.jpg 768w\" sizes=\"auto, (max-width: 150px) 100vw, 150px\" \/><\/p>\n","protected":false},"excerpt":{"rendered":"<p>18.02.2020-ci il tarixind\u0259 (27.12.2019-cu il tarixli\u00abAz\u0259rbaycan\u00bb q\u0259zetind\u0259 d\u0259rc olunmu\u015f 49(8864) sayl\u0131 m\u00fcsabiq\u0259 elan\u0131na \u0259sas\u0259n kafedrada\u00a0 bo\u015f olan 1.0 \u015ftat ba\u015f m\u00fc\u0259llim yerini tutmaq \u00fc\u00e7\u00fcn) R\u0259fiq\u0259 \u018fmirxan q\u0131z\u0131 \u0130sg\u0259nd\u0259rovan\u0131n Pedaqoji fak\u00fclt\u0259nin \u201c\u0130btidai sinif m\u00fc\u0259llimi\u201d ixtisas\u0131n\u0131n III kursunda Sosial pedaqogika f\u0259nnind\u0259n \u201cSosial pedaqogikan\u0131n m\u00f6vzusu, m\u0259qs\u0259di v\u0259 v\u0259zif\u0259l\u0259ri\u201d m\u00f6vzusunda a\u00e7\u0131q d\u0259rsi ke\u00e7irildi. D\u0259rsd\u0259 Pedaqoji fak\u00fclt\u0259nin dekan\u0131 dos.B.Apoyev, dekan<\/p>\n<p><a href=\"https:\/\/pedf.gdu.edu.az\/?p=5159\" class=\"more-link themebutton\">Daha \u0259trafl\u0131 <\/a><\/p>\n","protected":false},"author":4,"featured_media":5160,"comment_status":"closed","ping_status":"open","sticky":false,"template":"","format":"standard","meta":{"footnotes":""},"categories":[1],"tags":[],"class_list":["post-5159","post","type-post","status-publish","format-standard","has-post-thumbnail","hentry","category-sas"],"_links":{"self":[{"href":"https:\/\/pedf.gdu.edu.az\/index.php?rest_route=\/wp\/v2\/posts\/5159","targetHints":{"allow":["GET"]}}],"collection":[{"href":"https:\/\/pedf.gdu.edu.az\/index.php?rest_route=\/wp\/v2\/posts"}],"about":[{"href":"https:\/\/pedf.gdu.edu.az\/index.php?rest_route=\/wp\/v2\/types\/post"}],"author":[{"embeddable":true,"href":"https:\/\/pedf.gdu.edu.az\/index.php?rest_route=\/wp\/v2\/users\/4"}],"replies":[{"embeddable":true,"href":"https:\/\/pedf.gdu.edu.az\/index.php?rest_route=%2Fwp%2Fv2%2Fcomments&post=5159"}],"version-history":[{"count":1,"href":"https:\/\/pedf.gdu.edu.az\/index.php?rest_route=\/wp\/v2\/posts\/5159\/revisions"}],"predecessor-version":[{"id":5162,"href":"https:\/\/pedf.gdu.edu.az\/index.php?rest_route=\/wp\/v2\/posts\/5159\/revisions\/5162"}],"wp:featuredmedia":[{"embeddable":true,"href":"https:\/\/pedf.gdu.edu.az\/index.php?rest_route=\/wp\/v2\/media\/5160"}],"wp:attachment":[{"href":"https:\/\/pedf.gdu.edu.az\/index.php?rest_route=%2Fwp%2Fv2%2Fmedia&parent=5159"}],"wp:term":[{"taxonomy":"category","embeddable":true,"href":"https:\/\/pedf.gdu.edu.az\/index.php?rest_route=%2Fwp%2Fv2%2Fcategories&post=5159"},{"taxonomy":"post_tag","embeddable":true,"href":"https:\/\/pedf.gdu.edu.az\/index.php?rest_route=%2Fwp%2Fv2%2Ftags&post=5159"}],"curies":[{"name":"wp","href":"https:\/\/api.w.org\/{rel}","templated":true}]}}