{"id":5146,"date":"2020-01-17T13:44:00","date_gmt":"2020-01-17T11:44:00","guid":{"rendered":"http:\/\/pedf.gdu.edu.az\/?p=5146"},"modified":"2020-01-19T14:23:35","modified_gmt":"2020-01-19T12:23:35","slug":"5146","status":"publish","type":"post","link":"https:\/\/pedf.gdu.edu.az\/?p=5146","title":{"rendered":"20 Yanvar faci\u0259sinin 30-cu ild\u00f6n\u00fcm\u00fc"},"content":{"rendered":"\n<p>G\u0259nc\u0259 D\u00f6vl\u0259t Universitetind\u0259 &nbsp;20 Yanvar faci\u0259sinin 30-cu ild\u00f6n\u00fcm\u00fcn\u0259 h\u0259sr olunmu\u015f \u201c20 Yanvar \u2013 tariximizin \u015f\u0259r\u0259f v\u0259 q\u0259hr\u0259manl\u0131q s\u0259hif\u0259si\u201d m\u00f6vzusunda t\u0259dbir ke\u00e7irilmi\u015fdir.<\/p>\n\n\n\n<p>T\u0259dbir 20 Yanvar hadis\u0259l\u0259rind\u0259n b\u0259hs ed\u0259n s\u0259rginin n\u00fcmayi\u015fi il\u0259 ba\u015flam\u0131\u015fd\u0131r.<\/p>\n\n\n\n<figure class=\"wp-block-gallery columns-2 is-cropped wp-block-gallery-1 is-layout-flex wp-block-gallery-is-layout-flex\"><ul class=\"blocks-gallery-grid\"><li class=\"blocks-gallery-item\"><figure><img loading=\"lazy\" decoding=\"async\" width=\"1024\" height=\"683\" src=\"http:\/\/pedf.gdu.edu.az\/wp-content\/uploads\/2020\/01\/IMG_4552.jpg\" alt=\"\" data-id=\"5152\" data-full-url=\"http:\/\/pedf.gdu.edu.az\/wp-content\/uploads\/2020\/01\/IMG_4552.jpg\" data-link=\"http:\/\/pedf.gdu.edu.az\/?attachment_id=5152#main\" class=\"wp-image-5152\" srcset=\"https:\/\/pedf.gdu.edu.az\/wp-content\/uploads\/2020\/01\/IMG_4552.jpg 1024w, https:\/\/pedf.gdu.edu.az\/wp-content\/uploads\/2020\/01\/IMG_4552-768x512.jpg 768w, https:\/\/pedf.gdu.edu.az\/wp-content\/uploads\/2020\/01\/IMG_4552-960x640.jpg 960w, https:\/\/pedf.gdu.edu.az\/wp-content\/uploads\/2020\/01\/IMG_4552-480x320.jpg 480w, https:\/\/pedf.gdu.edu.az\/wp-content\/uploads\/2020\/01\/IMG_4552-320x213.jpg 320w, https:\/\/pedf.gdu.edu.az\/wp-content\/uploads\/2020\/01\/IMG_4552-240x160.jpg 240w\" sizes=\"auto, (max-width: 1024px) 100vw, 1024px\" \/><\/figure><\/li><li class=\"blocks-gallery-item\"><figure><img loading=\"lazy\" decoding=\"async\" width=\"1024\" height=\"683\" src=\"http:\/\/pedf.gdu.edu.az\/wp-content\/uploads\/2020\/01\/IMG_4567.jpg\" alt=\"\" data-id=\"5151\" data-full-url=\"http:\/\/pedf.gdu.edu.az\/wp-content\/uploads\/2020\/01\/IMG_4567.jpg\" data-link=\"http:\/\/pedf.gdu.edu.az\/?attachment_id=5151#main\" class=\"wp-image-5151\" srcset=\"https:\/\/pedf.gdu.edu.az\/wp-content\/uploads\/2020\/01\/IMG_4567.jpg 1024w, https:\/\/pedf.gdu.edu.az\/wp-content\/uploads\/2020\/01\/IMG_4567-768x512.jpg 768w, https:\/\/pedf.gdu.edu.az\/wp-content\/uploads\/2020\/01\/IMG_4567-960x640.jpg 960w, https:\/\/pedf.gdu.edu.az\/wp-content\/uploads\/2020\/01\/IMG_4567-480x320.jpg 480w, https:\/\/pedf.gdu.edu.az\/wp-content\/uploads\/2020\/01\/IMG_4567-320x213.jpg 320w, https:\/\/pedf.gdu.edu.az\/wp-content\/uploads\/2020\/01\/IMG_4567-240x160.jpg 240w\" sizes=\"auto, (max-width: 1024px) 100vw, 1024px\" \/><\/figure><\/li><\/ul><\/figure>\n\n\n\n<p>Sonra 20 Yanvar \u015f\u0259hidl\u0259rinin unudulmaz xatir\u0259si bir d\u0259qiq\u0259lik s\u00fckutla, d\u0259rin ehtiramla yad edilmi\u015fdir.<\/p>\n\n\n\n<figure class=\"wp-block-gallery columns-0 is-cropped wp-block-gallery-2 is-layout-flex wp-block-gallery-is-layout-flex\"><ul class=\"blocks-gallery-grid\"><\/ul><\/figure>\n\n\n\n<p>T\u0259dbird\u0259 20 Yanvar faci\u0259sind\u0259n b\u0259hs ed\u0259n s\u0259n\u0259dli film n\u00fcmayi\u015f olunmu\u015fdur.<\/p>\n\n\n\n<p>T\u0259l\u0259b\u0259l\u0259r t\u0259r\u0259find\u0259n t\u0259dbir i\u015ftirak\u00e7\u0131lar\u0131na \u201c20 Yanvar \u2013 tariximizin \u015f\u0259r\u0259f v\u0259 q\u0259hr\u0259manl\u0131q s\u0259hif\u0259si\u201d adl\u0131 \u0259d\u0259bi-b\u0259dii kompozisiya t\u0259qdim olunmu\u015fdur.<\/p>\n\n\n\n<p>T\u0259dbird\u0259 \u00e7\u0131x\u0131\u015f ed\u0259nl\u0259r bildirmi\u015fl\u0259r ki, &nbsp;1990-c\u0131 il yanvar\u0131n 19-dan 20-n\u0259 ke\u00e7\u0259n gec\u0259 ke\u00e7mi\u015f SSR\u0130 r\u0259hb\u0259rliyinin g\u00f6st\u0259ri\u015fi il\u0259 sovet h\u0259rbi birl\u0259\u015fm\u0259l\u0259rinin Az\u0259rbaycan xalq\u0131na d\u0259h\u015f\u0259tli faci\u0259 ya\u015fatm\u0131\u015fd\u0131r.<\/p>\n\n\n\n<p>T\u0259l\u0259b\u0259l\u0259r faci\u0259 il\u0259 ba\u011fl\u0131 h\u0259qiq\u0259tl\u0259rin d\u00fcnya ictimaiyy\u0259tin\u0259 \u00e7atd\u0131r\u0131lmas\u0131nda, 20 Yanvar \u015f\u0259hidl\u0259rin\u0259 x\u00fcsusi diqq\u0259t v\u0259 qay\u011f\u0131 g\u00f6st\u0259rilm\u0259sind\u0259 Prezident \u0130lham \u018fliyevin xidm\u0259tl\u0259rini x\u00fcsusi qeyd etmi\u015fl\u0259r.<\/p>\n\n\n\n<p>Qanl\u0131 gec\u0259nin d\u0259h\u015f\u0259tl\u0259rind\u0259n dan\u0131\u015faraq bildiribl\u0259r ki, bu hadis\u0259 xalq\u0131m\u0131z\u0131n g\u00f6z\u00fcn\u00fc qorxutmad\u0131, \u0259ksin\u0259, sovet imperiyas\u0131na qar\u015f\u0131 nifr\u0259ti daha da art\u0131rd\u0131. H\u0259min hadis\u0259l\u0259r Az\u0259rbaycan xalq\u0131n\u0131n demokratiya v\u0259 milli azadl\u0131q u\u011frunda m\u00fcbariz\u0259sini bo\u011fmaq, xalq\u0131 \u0259z\u0259r\u0259k ona m\u0259n\u0259vi z\u0259rb\u0259 vurmaq m\u0259qs\u0259dil\u0259 ger\u00e7\u0259kl\u0259\u015fdirilmi\u015fdi. Lakin, b\u00fct\u00fcn bu d\u0259h\u015f\u0259tl\u0259r\u0259 baxmayaraq &nbsp;h\u0259min gec\u0259d\u0259 h\u0259lak olan V\u0259t\u0259n o\u011fullar\u0131 tariximiz\u0259 parlaq s\u0259hif\u0259 yazaraq xalq\u0131n milli azadl\u0131\u011f\u0131, m\u00fcst\u0259qilliyi \u00fc\u00e7\u00fcn yol a\u00e7d\u0131lar. Qanl\u0131 Yanvar hadis\u0259l\u0259ri Az\u0259rbaycan xalq\u0131n\u0131n azadl\u0131q ist\u0259yini \u0259lind\u0259n ala bilm\u0259di.<\/p>\n\n\n\n<p>Sonda \u00e7\u0131x\u0131\u015f ed\u0259n t\u0259l\u0259b\u0259l\u0259r bir daha \u015f\u0259hidl\u0259rimizin f\u0259dakarl\u0131\u011f\u0131n\u0131n g\u0259l\u0259c\u0259k n\u0259sill\u0259r \u00fc\u00e7\u00fcn q\u0259hr\u0259manl\u0131q n\u00fcmun\u0259si oldu\u011funu bildirdil\u0259r. Qeyd etdil\u0259r &nbsp;ki, Az\u0259rbaycan xalq\u0131na qar\u015f\u0131 h\u0259yata ke\u00e7irilmi\u015f bu vandalizm, insanl\u0131\u011fa qar\u015f\u0131 t\u00f6r\u0259dilmi\u015f \u0259n a\u011f\u0131r cinay\u0259tl\u0259rd\u0259n biri kimi b\u0259\u015f\u0259r tarixind\u0259 qara s\u0259hif\u0259 olaraq qalacaq.<\/p>\n","protected":false},"excerpt":{"rendered":"<p>G\u0259nc\u0259 D\u00f6vl\u0259t Universitetind\u0259 &nbsp;20 Yanvar faci\u0259sinin 30-cu ild\u00f6n\u00fcm\u00fcn\u0259 h\u0259sr olunmu\u015f \u201c20 Yanvar \u2013 tariximizin \u015f\u0259r\u0259f v\u0259 q\u0259hr\u0259manl\u0131q s\u0259hif\u0259si\u201d m\u00f6vzusunda t\u0259dbir ke\u00e7irilmi\u015fdir. T\u0259dbir 20 Yanvar hadis\u0259l\u0259rind\u0259n b\u0259hs ed\u0259n s\u0259rginin n\u00fcmayi\u015fi il\u0259 ba\u015flam\u0131\u015fd\u0131r. Sonra 20 Yanvar \u015f\u0259hidl\u0259rinin unudulmaz xatir\u0259si bir d\u0259qiq\u0259lik s\u00fckutla, d\u0259rin ehtiramla yad edilmi\u015fdir. T\u0259dbird\u0259 20 Yanvar faci\u0259sind\u0259n b\u0259hs ed\u0259n s\u0259n\u0259dli film n\u00fcmayi\u015f olunmu\u015fdur. T\u0259l\u0259b\u0259l\u0259r<\/p>\n<p><a href=\"https:\/\/pedf.gdu.edu.az\/?p=5146\" class=\"more-link themebutton\">Daha \u0259trafl\u0131 <\/a><\/p>\n","protected":false},"author":4,"featured_media":5148,"comment_status":"closed","ping_status":"open","sticky":false,"template":"","format":"standard","meta":{"footnotes":""},"categories":[1],"tags":[],"class_list":["post-5146","post","type-post","status-publish","format-standard","has-post-thumbnail","hentry","category-sas"],"_links":{"self":[{"href":"https:\/\/pedf.gdu.edu.az\/index.php?rest_route=\/wp\/v2\/posts\/5146","targetHints":{"allow":["GET"]}}],"collection":[{"href":"https:\/\/pedf.gdu.edu.az\/index.php?rest_route=\/wp\/v2\/posts"}],"about":[{"href":"https:\/\/pedf.gdu.edu.az\/index.php?rest_route=\/wp\/v2\/types\/post"}],"author":[{"embeddable":true,"href":"https:\/\/pedf.gdu.edu.az\/index.php?rest_route=\/wp\/v2\/users\/4"}],"replies":[{"embeddable":true,"href":"https:\/\/pedf.gdu.edu.az\/index.php?rest_route=%2Fwp%2Fv2%2Fcomments&post=5146"}],"version-history":[{"count":3,"href":"https:\/\/pedf.gdu.edu.az\/index.php?rest_route=\/wp\/v2\/posts\/5146\/revisions"}],"predecessor-version":[{"id":5153,"href":"https:\/\/pedf.gdu.edu.az\/index.php?rest_route=\/wp\/v2\/posts\/5146\/revisions\/5153"}],"wp:featuredmedia":[{"embeddable":true,"href":"https:\/\/pedf.gdu.edu.az\/index.php?rest_route=\/wp\/v2\/media\/5148"}],"wp:attachment":[{"href":"https:\/\/pedf.gdu.edu.az\/index.php?rest_route=%2Fwp%2Fv2%2Fmedia&parent=5146"}],"wp:term":[{"taxonomy":"category","embeddable":true,"href":"https:\/\/pedf.gdu.edu.az\/index.php?rest_route=%2Fwp%2Fv2%2Fcategories&post=5146"},{"taxonomy":"post_tag","embeddable":true,"href":"https:\/\/pedf.gdu.edu.az\/index.php?rest_route=%2Fwp%2Fv2%2Ftags&post=5146"}],"curies":[{"name":"wp","href":"https:\/\/api.w.org\/{rel}","templated":true}]}}