{"id":5107,"date":"2019-12-19T14:10:00","date_gmt":"2019-12-19T12:10:00","guid":{"rendered":"http:\/\/pedf.gdu.edu.az\/?p=5107"},"modified":"2019-12-20T07:35:42","modified_gmt":"2019-12-20T05:35:42","slug":"elmi-sura-27","status":"publish","type":"post","link":"https:\/\/pedf.gdu.edu.az\/?p=5107","title":{"rendered":"Elmi \u015fura"},"content":{"rendered":"\n<p> 19.12.2019-cu il tarixd\u0259 Pedaqoji fak\u00fclt\u0259 Elmi \u015euras\u0131 ke\u00e7irilmi\u015fdir. Elmi \u015eurada a\u015fa\u011f\u0131dak\u0131 m\u0259s\u0259l\u0259l\u0259r m\u00fczakir\u0259 olunmu\u015fdur:\u00a0 <\/p>\n\n\n\n<ol class=\"wp-block-list\"><li>Pay\u0131z imtahan sessiyas\u0131n\u0131n   haz\u0131rl\u0131q t\u0259dbirl\u0259ri &#8211; dos.B.Apoyev.<\/li><li>Burax\u0131l\u0131\u015f i\u015fl\u0259rinin icra v\u0259ziyy\u0259ti &#8211; Kafedra m\u00fcdirl\u0259ri.<\/li><li>2019-cu il \u00fc\u00e7\u00fcn elmi-t\u0259dqiqat i\u015fl\u0259rinin yekunu &#8211; kafedra m\u00fcdirl\u0259ri.<\/li><li>M\u00fcsabiq\u0259 \u00fczr\u0259 m\u00fc\u0259llim se\u00e7kisi &#8211; B\/m \u0130.Haqverdiyev.<\/li><li>Cari m\u0259s\u0259l\u0259.<\/li><\/ol>\n","protected":false},"excerpt":{"rendered":"<p>19.12.2019-cu il tarixd\u0259 Pedaqoji fak\u00fclt\u0259 Elmi \u015euras\u0131 ke\u00e7irilmi\u015fdir. Elmi \u015eurada a\u015fa\u011f\u0131dak\u0131 m\u0259s\u0259l\u0259l\u0259r m\u00fczakir\u0259 olunmu\u015fdur:\u00a0 Pay\u0131z imtahan sessiyas\u0131n\u0131n haz\u0131rl\u0131q t\u0259dbirl\u0259ri &#8211; dos.B.Apoyev. Burax\u0131l\u0131\u015f i\u015fl\u0259rinin icra v\u0259ziyy\u0259ti &#8211; Kafedra m\u00fcdirl\u0259ri. 2019-cu il \u00fc\u00e7\u00fcn elmi-t\u0259dqiqat i\u015fl\u0259rinin yekunu &#8211; kafedra m\u00fcdirl\u0259ri. M\u00fcsabiq\u0259 \u00fczr\u0259 m\u00fc\u0259llim se\u00e7kisi &#8211; B\/m \u0130.Haqverdiyev. Cari m\u0259s\u0259l\u0259.<\/p>\n","protected":false},"author":4,"featured_media":5108,"comment_status":"closed","ping_status":"open","sticky":false,"template":"","format":"standard","meta":{"footnotes":""},"categories":[18],"tags":[],"class_list":["post-5107","post","type-post","status-publish","format-standard","has-post-thumbnail","hentry","category-elmi-sura"],"_links":{"self":[{"href":"https:\/\/pedf.gdu.edu.az\/index.php?rest_route=\/wp\/v2\/posts\/5107","targetHints":{"allow":["GET"]}}],"collection":[{"href":"https:\/\/pedf.gdu.edu.az\/index.php?rest_route=\/wp\/v2\/posts"}],"about":[{"href":"https:\/\/pedf.gdu.edu.az\/index.php?rest_route=\/wp\/v2\/types\/post"}],"author":[{"embeddable":true,"href":"https:\/\/pedf.gdu.edu.az\/index.php?rest_route=\/wp\/v2\/users\/4"}],"replies":[{"embeddable":true,"href":"https:\/\/pedf.gdu.edu.az\/index.php?rest_route=%2Fwp%2Fv2%2Fcomments&post=5107"}],"version-history":[{"count":1,"href":"https:\/\/pedf.gdu.edu.az\/index.php?rest_route=\/wp\/v2\/posts\/5107\/revisions"}],"predecessor-version":[{"id":5109,"href":"https:\/\/pedf.gdu.edu.az\/index.php?rest_route=\/wp\/v2\/posts\/5107\/revisions\/5109"}],"wp:featuredmedia":[{"embeddable":true,"href":"https:\/\/pedf.gdu.edu.az\/index.php?rest_route=\/wp\/v2\/media\/5108"}],"wp:attachment":[{"href":"https:\/\/pedf.gdu.edu.az\/index.php?rest_route=%2Fwp%2Fv2%2Fmedia&parent=5107"}],"wp:term":[{"taxonomy":"category","embeddable":true,"href":"https:\/\/pedf.gdu.edu.az\/index.php?rest_route=%2Fwp%2Fv2%2Fcategories&post=5107"},{"taxonomy":"post_tag","embeddable":true,"href":"https:\/\/pedf.gdu.edu.az\/index.php?rest_route=%2Fwp%2Fv2%2Ftags&post=5107"}],"curies":[{"name":"wp","href":"https:\/\/api.w.org\/{rel}","templated":true}]}}