{"id":4821,"date":"2019-06-10T09:31:41","date_gmt":"2019-06-10T07:31:41","guid":{"rendered":"http:\/\/pf.gdu.edu.az\/?p=4821"},"modified":"2019-07-09T09:43:15","modified_gmt":"2019-07-09T07:43:15","slug":"iii-beyn%c9%99lxalq-ail%c9%99-v%c9%99-usaq-psixologiyasi-konfransi-kecirildi","status":"publish","type":"post","link":"https:\/\/pedf.gdu.edu.az\/?p=4821","title":{"rendered":"\u201cIII Beyn\u0259lxalq Ail\u0259 v\u0259 U\u015faq Psixologiyas\u0131 Konfrans\u0131\u201d ke\u00e7irildi"},"content":{"rendered":"<p><strong>9 \u0130yun tarixind\u0259 Yeni Az\u0259rbaycan Partiyas\u0131 Bin\u0259q\u0259di rayon T\u0259\u015fkilat\u0131, Psixologiya Elmi-T\u0259dqiqat \u0130nstitutu v\u0259 Nar\u0131nc Psixologiya M\u0259rk\u0259zinin birg\u0259 t\u0259\u015fkilat\u00e7\u0131l\u0131\u011f\u0131 il\u0259 \u201cIII Beyn\u0259lxalq Ail\u0259 v\u0259 U\u015faq Psixologiyas\u0131 Konfrans\u0131\u201d ba\u015f tutdu.<\/strong><\/p>\n<p><img decoding=\"async\" src=\"http:\/\/dushunce.az\/files\/resized\/68048\/472;315;9be7d89b431fd1f24f5ad02e4d51a00bb5f2c530.jpg\" alt=\"\" \/><\/p>\n<p>Konfrans 1 \u0130yun U\u015faqlar\u0131n Beyn\u0259lxalq M\u00fcdafi\u0259si\u00a0 G\u00fcn\u00fc il\u0259 \u0259laq\u0259dar olaraq art\u0131q \u00fc\u00e7\u00fcnc\u00fc d\u0259f\u0259dir h\u0259yata ke\u00e7irilir.<br \/>\nAz\u0259rbaycan Respublikas\u0131n\u0131n D\u00f6vl\u0259t Himni s\u0259sl\u0259ndikd\u0259n sonra konfransda i\u015ftirak ed\u0259n h\u00f6rm\u0259tli qonaqlara s\u00f6z verildi.<\/p>\n<p><img decoding=\"async\" src=\"http:\/\/dushunce.az\/files\/resized\/68067\/533;355;30c0679934ca16ef134377251ffea8f1d8a6619b.jpg\" alt=\"\" \/><\/p>\n<p>Art\u0131q ikinci d\u0259f\u0259dir konfransa ev sahibliyi ed\u0259n\u00a0 Yeni Az\u0259rbaycan Partiyas\u0131 Bin\u0259q\u0259di Rayon T\u0259\u015fkilat\u0131n\u0131n s\u0259dri Ramiz G\u00f6y\u00fc\u015fov a\u00e7\u0131l\u0131\u015f nitqi ed\u0259r\u0259k qonaqlar\u0131 salamlad\u0131. Ard\u0131nca Az\u0259rbaycan Respublikas\u0131 Ail\u0259, Qad\u0131n v\u0259 U\u015faq Probleml\u0259ri \u00fczr\u0259 D\u00f6vl\u0259t Komit\u0259sinin ba\u015f m\u0259sl\u0259h\u0259t\u00e7isi Rafiq Mahmudov, AMEA-n\u0131n F\u0259ls\u0259f\u0259 \u0130nstitutunun Sosiologiya \u015f\u00f6b\u0259sinin m\u00fcdiri, f\u0259ls\u0259f\u0259 \u00fczr\u0259 elml\u0259r doktoru\u00a0 R\u0259fiq\u0259 \u018fzimova , Az\u0259rbaycan D\u00f6vl\u0259t Pedaqoji Universitetin \u00dcmumi Psixologiya kafedras\u0131n\u0131n m\u00fcdiri, psixologiya elml\u0259ri doktoru, professor Ramiz \u018fliyev, Az\u0259rbaycan D\u00f6vl\u0259t Pedaqoji Universitetin M\u0259kt\u0259b\u0259q\u0259d\u0259r t\u0259hsil, psixoloji xidm\u0259t v\u0259 korreksiyaedici t\u0259lim fak\u00fclt\u0259sinin dekan\u0131, professor \u015e\u0259hla \u018fliyeva, Psixologiya Elmi-T\u0259dqiqat \u0130nstitutu n\u0259zdind\u0259 f\u0259aliyy\u0259t g\u00f6st\u0259r\u0259n T\u0259hsild\u0259 Psixoloji Xidm\u0259t\u0259 D\u0259st\u0259k M\u0259rk\u0259zinin direktoru, T\u0259hsil \u0130nstitutunun Psixologiya v\u0259 Ya\u015f fiziologiyas\u0131 \u015f\u00f6b\u0259sinin m\u00fcdiri, psixologiya elml\u0259ri doktoru Elxan B\u0259yl\u0259rov, U\u015faq Psixo-Sosial \u0130nki\u015faf\u0131 M\u0259rk\u0259zinin direktoru Aid\u0259 M\u0259mm\u0259dova v\u0259 C\u0130BS Europa \u015firk\u0259tinin t\u0259sis\u00e7isi, m\u00fct\u0259x\u0259ssis, profayler T\u0259briz Hac\u0131nski \u00e7\u0131x\u0131\u015f ed\u0259r\u0259k konfransa dair \u00f6z \u00fcr\u0259k s\u00f6zl\u0259rini bildirdil\u0259r, h\u0259m\u00e7inin 10 ya\u015f\u0131n\u0131 qeyd ed\u0259n Nar\u0131nc Ail\u0259sin\u0259 \u00f6z t\u0259brikl\u0259rini s\u0259sl\u0259ndirdil\u0259r. Sonda Psixologiya Elmi-T\u0259dqiqat \u0130nstitutunun s\u0259dri Elnur R\u00fcst\u0259mov \u00e7\u0131x\u0131\u015f ed\u0259r\u0259k\u00a0 3-c\u00fc d\u0259f\u0259dir ke\u00e7iril\u0259n \u201cBeyn\u0259lxalq Ail\u0259 v\u0259 U\u015faq Psixologiyas\u0131 Konfrans\u0131\u201dn\u0131n mahiyy\u0259tini vur\u011fulad\u0131, i\u015ftirak ed\u0259n qonaqlara v\u0259 komandaya \u00fcr\u0259k s\u00f6zl\u0259rini \u00e7atd\u0131rd\u0131, Nar\u0131nc Psixologiya M\u0259rk\u0259zinin 10 ya\u015f\u0131n\u0131 t\u0259brik ed\u0259r\u0259k konfransa u\u011furlar dil\u0259di.<\/p>\n<p><img decoding=\"async\" src=\"http:\/\/dushunce.az\/files\/resized\/68068\/574;383;e2c9719cec32d3829f3b2e8cade49d17299e9daf.jpg\" alt=\"\" \/><\/p>\n<p>Ki\u00e7ik fasil\u0259d\u0259n sonra konfrans\u0131n \u0259sas, elmi hiss\u0259sin\u0259 ke\u00e7id olundu. Ard\u0131c\u0131l olaraq \u00c7ocuk Geli\u015fim Uzman\u0131 Emine Erg\u00fcn \u201c\u00c7ocuklarla ileti\u015fimde sihirli c\u00fcmleler nelerdir?\u201d m\u00f6vzusunda, Armoni Dil &#8211; konu\u015fma Merkezinin kurucusu, aile dan\u0131\u015fman\u0131 Serdar K\u0131l\u0131n\u00e7lar \u201c7 Ya\u015f \u00fcst\u00fc \u00e7ocuklarda kekemelik ve terapi y\u00f6ntemleri\u201d m\u00f6vzusunda, sonda is\u0259 Nar\u0131nc Psixologiya M\u0259rk\u0259zinin r\u0259hb\u0259ri, klinik psixoloq Nar\u0131nc R\u00fcst\u0259mova \u201cU\u015faq Psixodiaqnostikas\u0131nda Multidisiplinar Yana\u015fma\u201d m\u00f6vzusunda \u00e7\u0131x\u0131\u015f etdil\u0259r.<\/p>\n<p><img decoding=\"async\" src=\"http:\/\/dushunce.az\/files\/resized\/68066\/462;308;bbde394a8910bf41fac2d881796e3ff6ff81432f.jpg\" alt=\"\" \/><\/p>\n<p>H\u0259m\u00e7inin konfransda Nar\u0131nc Psixologiya M\u0259rk\u0259zinin 10 ya\u015f\u0131 qeyd olundu. Bu m\u00fcnasib\u0259tl\u0259 Nar\u0131nc Psixologiya M\u0259rk\u0259zinin Xalqlar Dostlu\u011fu filial\u0131n\u0131n icra\u00e7\u0131 direktoru, psixoloq T\u0259ran\u0259 Kaz\u0131ml\u0131ya s\u00f6z verildi. T\u0259ran\u0259 xan\u0131m \u00e7\u0131x\u0131\u015f\u0131nda Nar\u0131nc Ail\u0259sinin gerid\u0259 qoydu\u011fu 10 il m\u00fcdd\u0259tind\u0259 h\u0259yata ke\u00e7iril\u0259n i\u015fl\u0259rd\u0259n dan\u0131\u015fd\u0131, m\u0259rk\u0259zin 10 illik f\u0259aliyy\u0259tin\u0259 dair hesabat \u00e7\u0131x\u0131\u015f\u0131 s\u0259sl\u0259ndirdi. Ard\u0131nca filologiya \u00fczr\u0259 f\u0259ls\u0259f\u0259 doktoru, \u0259m\u0259kdar artist Lal\u0259 M\u0259mm\u0259dova t\u0259dbird\u0259 i\u015ftirak ed\u0259r\u0259k \u00f6z ifas\u0131yla Nar\u0131nc Ail\u0259sini t\u0259brik etdi.<\/p>\n<p><img decoding=\"async\" src=\"http:\/\/dushunce.az\/files\/resized\/68065\/554;369;65229ee5266dc000d4746961ffb8968eaf4dddfe.jpg\" alt=\"\" \/><\/p>\n<p>Konfrans\u0131n sonunda b\u00fct\u00fcn i\u015ftirak\u00e7\u0131lara 3 beyn\u0259lxalq\u00a0 sertifikat t\u0259qdim olundu.<\/p>\n<p><img decoding=\"async\" src=\"http:\/\/dushunce.az\/files\/resized\/68069\/554;369;fe67652250b6f64ac503b93c140966303525e4cc.jpg\" alt=\"\" \/><\/p>\n","protected":false},"excerpt":{"rendered":"<p>9 \u0130yun tarixind\u0259 Yeni Az\u0259rbaycan Partiyas\u0131 Bin\u0259q\u0259di rayon T\u0259\u015fkilat\u0131, Psixologiya Elmi-T\u0259dqiqat \u0130nstitutu v\u0259 Nar\u0131nc Psixologiya M\u0259rk\u0259zinin birg\u0259 t\u0259\u015fkilat\u00e7\u0131l\u0131\u011f\u0131 il\u0259 \u201cIII Beyn\u0259lxalq Ail\u0259 v\u0259 U\u015faq Psixologiyas\u0131 Konfrans\u0131\u201d ba\u015f tutdu. Konfrans 1 \u0130yun U\u015faqlar\u0131n Beyn\u0259lxalq M\u00fcdafi\u0259si\u00a0 G\u00fcn\u00fc il\u0259 \u0259laq\u0259dar olaraq art\u0131q \u00fc\u00e7\u00fcnc\u00fc d\u0259f\u0259dir h\u0259yata ke\u00e7irilir. Az\u0259rbaycan Respublikas\u0131n\u0131n D\u00f6vl\u0259t Himni s\u0259sl\u0259ndikd\u0259n sonra konfransda i\u015ftirak ed\u0259n h\u00f6rm\u0259tli qonaqlara s\u00f6z<\/p>\n<p><a href=\"https:\/\/pedf.gdu.edu.az\/?p=4821\" class=\"more-link themebutton\">Daha \u0259trafl\u0131 <\/a><\/p>\n","protected":false},"author":4,"featured_media":4822,"comment_status":"closed","ping_status":"open","sticky":false,"template":"","format":"standard","meta":{"footnotes":""},"categories":[1],"tags":[],"class_list":["post-4821","post","type-post","status-publish","format-standard","has-post-thumbnail","hentry","category-sas"],"_links":{"self":[{"href":"https:\/\/pedf.gdu.edu.az\/index.php?rest_route=\/wp\/v2\/posts\/4821","targetHints":{"allow":["GET"]}}],"collection":[{"href":"https:\/\/pedf.gdu.edu.az\/index.php?rest_route=\/wp\/v2\/posts"}],"about":[{"href":"https:\/\/pedf.gdu.edu.az\/index.php?rest_route=\/wp\/v2\/types\/post"}],"author":[{"embeddable":true,"href":"https:\/\/pedf.gdu.edu.az\/index.php?rest_route=\/wp\/v2\/users\/4"}],"replies":[{"embeddable":true,"href":"https:\/\/pedf.gdu.edu.az\/index.php?rest_route=%2Fwp%2Fv2%2Fcomments&post=4821"}],"version-history":[{"count":1,"href":"https:\/\/pedf.gdu.edu.az\/index.php?rest_route=\/wp\/v2\/posts\/4821\/revisions"}],"predecessor-version":[{"id":4823,"href":"https:\/\/pedf.gdu.edu.az\/index.php?rest_route=\/wp\/v2\/posts\/4821\/revisions\/4823"}],"wp:featuredmedia":[{"embeddable":true,"href":"https:\/\/pedf.gdu.edu.az\/index.php?rest_route=\/wp\/v2\/media\/4822"}],"wp:attachment":[{"href":"https:\/\/pedf.gdu.edu.az\/index.php?rest_route=%2Fwp%2Fv2%2Fmedia&parent=4821"}],"wp:term":[{"taxonomy":"category","embeddable":true,"href":"https:\/\/pedf.gdu.edu.az\/index.php?rest_route=%2Fwp%2Fv2%2Fcategories&post=4821"},{"taxonomy":"post_tag","embeddable":true,"href":"https:\/\/pedf.gdu.edu.az\/index.php?rest_route=%2Fwp%2Fv2%2Ftags&post=4821"}],"curies":[{"name":"wp","href":"https:\/\/api.w.org\/{rel}","templated":true}]}}