{"id":4699,"date":"2019-04-26T09:40:10","date_gmt":"2019-04-26T07:40:10","guid":{"rendered":"http:\/\/pf.gdu.edu.az\/?p=4699"},"modified":"2019-05-11T10:17:21","modified_gmt":"2019-05-11T08:17:21","slug":"azmiu-da-beyn%c9%99lxalq-konfrans-kecirilib","status":"publish","type":"post","link":"https:\/\/pedf.gdu.edu.az\/?p=4699","title":{"rendered":"AzM\u0130U-da beyn\u0259lxalq konfrans ke\u00e7irilib"},"content":{"rendered":"<p style=\"text-align: center;\"><a href=\"http:\/\/pf.gdu.edu.az\/wp-content\/uploads\/2019\/05\/Screenshot_20190511-120304.jpg\" data-rel=\"lightbox-image-0\" data-rl_title=\"\" data-rl_caption=\"\" title=\"\"><img loading=\"lazy\" decoding=\"async\" class=\"alignnone size-medium wp-image-4700\" src=\"http:\/\/pf.gdu.edu.az\/wp-content\/uploads\/2019\/05\/Screenshot_20190511-120304-239x300.jpg\" alt=\"Screenshot_20190511-120304\" width=\"239\" height=\"300\" srcset=\"https:\/\/pedf.gdu.edu.az\/wp-content\/uploads\/2019\/05\/Screenshot_20190511-120304-239x300.jpg 239w, https:\/\/pedf.gdu.edu.az\/wp-content\/uploads\/2019\/05\/Screenshot_20190511-120304.jpg 768w\" sizes=\"auto, (max-width: 239px) 100vw, 239px\" \/><\/a>\u00a0 \u00a0 \u00a0 \u00a0 <a href=\"http:\/\/pf.gdu.edu.az\/wp-content\/uploads\/2019\/05\/Screenshot_20190511-1203211.jpg\" data-rel=\"lightbox-image-1\" data-rl_title=\"\" data-rl_caption=\"\" title=\"\"><img loading=\"lazy\" decoding=\"async\" class=\"alignnone size-medium wp-image-4703\" src=\"http:\/\/pf.gdu.edu.az\/wp-content\/uploads\/2019\/05\/Screenshot_20190511-1203211-215x300.jpg\" alt=\"Screenshot_20190511-120321\" width=\"215\" height=\"300\" srcset=\"https:\/\/pedf.gdu.edu.az\/wp-content\/uploads\/2019\/05\/Screenshot_20190511-1203211-215x300.jpg 215w, https:\/\/pedf.gdu.edu.az\/wp-content\/uploads\/2019\/05\/Screenshot_20190511-1203211.jpg 735w\" sizes=\"auto, (max-width: 215px) 100vw, 215px\" \/><\/a><\/p>\n<p>&nbsp;<\/p>\n<p>26.04.2019-cu il tarixind\u0259 Az\u0259rbaycan Memarl\u0131q v\u0259 \u0130n\u015faat Universitetind\u0259 (AzM\u0130U) Ail\u0259, Qad\u0131n v\u0259 U\u015faq Probleml\u0259ri \u00fczr\u0259 D\u00f6vl\u0259t Komit\u0259si il\u0259 birg\u0259 \u00fcmummilli lider Heyd\u0259r \u018fliyevin anadan olmas\u0131n\u0131n 96-c\u0131 ild\u00f6n\u00fcm\u00fcn\u0259 h\u0259sr olunmu\u015f \u201c\u0130nsan inki\u015faf\u0131. D\u00fcnyaya inteqrasiya\u201d m\u00f6vzusunda II Beyn\u0259lxalq elmi konfrans ke\u00e7irilib. Konfransa \u00f6lk\u0259mizin ali t\u0259hsil m\u00fc\u0259ssis\u0259l\u0259rinin n\u00fcmay\u0259nd\u0259l\u0259ri il\u0259 yana\u015f\u0131, xarici \u00f6lk\u0259l\u0259rd\u0259n g\u0259l\u0259n qonaqlar, G\u0259nc\u0259 D\u00f6vl\u0259t Unversitetinin Pedaqoji fak\u00fclt\u0259sinin b\/m P\u0259rvan\u0259 M\u0259mm\u0259dova, m\u00fc\u0259l. Mirvari R\u0259himova v\u0259 m\u00fc\u0259l. N\u00fcbar Quliyeva\u00a0 da qat\u0131l\u0131b. Konfrans i\u015ftirak\u00e7\u0131lar\u0131 \u0259vv\u0259lc\u0259 Heyd\u0259r \u018fliyevin AzM\u0130U-nun h\u0259y\u0259tind\u0259 ucald\u0131lm\u0131\u015f abid\u0259si \u00f6n\u00fcn\u0259 g\u0259l\u0259r\u0259k \u0259klil qoyub, ulu \u00f6nd\u0259rin xatir\u0259sini ehtiramla an\u0131blar.<br \/>\nKonfrans\u0131 giri\u015f v\u0259 salamlama nitqi il\u0259 AzM\u0130U-nun \u0130ctimai f\u0259nl\u0259r kafedras\u0131n\u0131n m\u00fcdiri K\u00f6n\u00fcl \u018fliyeva a\u00e7\u0131b, qonaqlar\u0131 salamlay\u0131b.<br \/>\nAzM\u0130U-nun rektoru, professor G\u00fcl\u00e7\u00f6hr\u0259 M\u0259mm\u0259dova t\u0259dbird\u0259 i\u015ftirak ed\u0259n qonaqlar\u0131 salamlay\u0131b, Ail\u0259, Qad\u0131n v\u0259 U\u015faq Probleml\u0259ri \u00fczr\u0259 D\u00f6vl\u0259t Komit\u0259sinin s\u0259dri Hicran H\u00fcseynova konfrans\u0131n i\u015find\u0259 yax\u0131ndan i\u015ftirak\u0131na g\u00f6r\u0259 x\u00fcsusi t\u0259\u015f\u0259kk\u00fcr\u00fcn\u00fc bildirib. Rektor konfrans\u0131n \u0259n\u0259n\u0259vi olaraq h\u0259r il AzM\u0130U-da ke\u00e7irildiyini, ulu \u00f6nd\u0259r Heyd\u0259r \u018fliyevin anadan olmas\u0131n\u0131n 96-c\u0131 ild\u00f6n\u00fcm\u00fcn\u0259 h\u0259sr oldundu\u011funu qeyd edib. O, bu konfrans\u0131n \u00fcmummilli liderin \u015f\u0259xsiyy\u0259tin\u0259 olan d\u0259rin h\u00f6rm\u0259t v\u0259 ehtiram\u0131n t\u0259zah\u00fcr\u00fc oldu\u011funu vur\u011fulay\u0131b. G.M\u0259mm\u0259dova Heyd\u0259r \u018fliyevin \u00e7ox\u015fax\u0259li, m\u0259nal\u0131 \u00f6m\u00fcr yolundan, z\u0259ngin d\u00f6vl\u0259t\u00e7ilik t\u0259cr\u00fcb\u0259sind\u0259n, d\u00f6vl\u0259timiz v\u0259 mill\u0259timiz qar\u015f\u0131s\u0131ndak\u0131 misilsiz xidm\u0259tl\u0259rind\u0259n s\u00f6z a\u00e7\u0131b.<br \/>\nRektorun \u00e7\u0131x\u0131\u015f\u0131ndan sonra konfrans\u0131n plenar iclas\u0131nda Ail\u0259, Qad\u0131n v\u0259 U\u015faq Probleml\u0259ri \u00fczr\u0259 D\u00f6vl\u0259t Komit\u0259sinin s\u0259dri, professor Hicran H\u00fcseynova \u00e7\u0131x\u0131\u015f edib. \u201cDavaml\u0131 inki\u015fafda qad\u0131nlar\u0131n rolu\u201d m\u00f6vzusunda \u00e7\u0131x\u0131\u015f ed\u0259n H.H\u00fcseynova vur\u011fulay\u0131b ki, gender b\u0259rab\u0259rliyinin t\u0259min edilm\u0259si v\u0259 qad\u0131nlar\u0131n s\u0259lahiyy\u0259tl\u0259rinin geni\u015fl\u0259ndirilm\u0259si bu g\u00fcn \u00f6lk\u0259 siyas\u0259tinin m\u00fch\u00fcm prioritetl\u0259rini t\u0259\u015fkil edir. \u201cBu bax\u0131mdan \u00f6t\u0259n m\u00fcdd\u0259td\u0259 qad\u0131nlar\u0131n i\u015ftirak\u00e7\u0131l\u0131\u011f\u0131n\u0131n art\u0131r\u0131lmas\u0131 \u00fc\u00e7\u00fcn imkanlar\u0131n geni\u015fl\u0259ndirilm\u0259si, m\u0259\u015f\u011fulluq, sa\u011flaml\u0131q, t\u0259hsil v\u0259 sosial siyas\u0259t sah\u0259sind\u0259 gender b\u0259rab\u0259rliyinin inki\u015faf etdirilm\u0259si \u00fc\u00e7\u00fcn m\u00fch\u00fcm \u00a0i\u015fl\u0259r g\u00f6r\u00fcl\u00fcb\u201d.<br \/>\nAzM\u0130U-nun \u0130ctimai f\u0259nl\u0259r kafedras\u0131n\u0131n m\u00fcdiri K\u00f6n\u00fcl \u018fliyeva \u201cFir\u0259van, ah\u0259ngdar v\u0259 t\u0259hl\u00fck\u0259siz g\u0259l\u0259c\u0259k \u00fc\u00e7\u00fcn d\u0259yi\u015f\u0259n iqtisadiyyat v\u0259 d\u00f6vl\u0259t\u201d, Rusiya D\u00f6vl\u0259t \u018fdliyy\u0259 Universitetinin dosenti \u015earaputdin R\u0259\u015fidov \u201cXarici t\u0259l\u0259b\u0259l\u0259rin Rusiya Federasiyas\u0131n\u0131n ali t\u0259hsil m\u00fc\u0259ssis\u0259l\u0259rind\u0259 t\u0259hsil perspektivi v\u0259 probleml\u0259ri\u201d m\u00f6vzusunda aktual m\u0259ruz\u0259l\u0259r edibl\u0259r.<br \/>\nKonfrans \u00f6z i\u015fini b\u00f6lm\u0259 iclaslar\u0131nda davam etdirib. Onu da qeyd ed\u0259k ki, \u00fcmumilikd\u0259 konfransa 98 m\u0259qal\u0259 t\u0259qdim edilib. Beyn\u0259lxalq konfrans 2 g\u00fcn davam etdi, b\u00f6lm\u0259 iclaslar\u0131nda m\u00fchazir\u0259l\u0259r dinl\u0259nildi, m\u00fczakir\u0259l\u0259r apar\u0131ld\u0131.<\/p>\n","protected":false},"excerpt":{"rendered":"<p>\u00a0 \u00a0 \u00a0 \u00a0 &nbsp; 26.04.2019-cu il tarixind\u0259 Az\u0259rbaycan Memarl\u0131q v\u0259 \u0130n\u015faat Universitetind\u0259 (AzM\u0130U) Ail\u0259, Qad\u0131n v\u0259 U\u015faq Probleml\u0259ri \u00fczr\u0259 D\u00f6vl\u0259t Komit\u0259si il\u0259 birg\u0259 \u00fcmummilli lider Heyd\u0259r \u018fliyevin anadan olmas\u0131n\u0131n 96-c\u0131 ild\u00f6n\u00fcm\u00fcn\u0259 h\u0259sr olunmu\u015f \u201c\u0130nsan inki\u015faf\u0131. D\u00fcnyaya inteqrasiya\u201d m\u00f6vzusunda II Beyn\u0259lxalq elmi konfrans ke\u00e7irilib. Konfransa \u00f6lk\u0259mizin ali t\u0259hsil m\u00fc\u0259ssis\u0259l\u0259rinin n\u00fcmay\u0259nd\u0259l\u0259ri il\u0259 yana\u015f\u0131, xarici \u00f6lk\u0259l\u0259rd\u0259n g\u0259l\u0259n<\/p>\n<p><a href=\"https:\/\/pedf.gdu.edu.az\/?p=4699\" class=\"more-link themebutton\">Daha \u0259trafl\u0131 <\/a><\/p>\n","protected":false},"author":4,"featured_media":4700,"comment_status":"closed","ping_status":"open","sticky":false,"template":"","format":"standard","meta":{"footnotes":""},"categories":[1],"tags":[],"class_list":["post-4699","post","type-post","status-publish","format-standard","has-post-thumbnail","hentry","category-sas"],"_links":{"self":[{"href":"https:\/\/pedf.gdu.edu.az\/index.php?rest_route=\/wp\/v2\/posts\/4699","targetHints":{"allow":["GET"]}}],"collection":[{"href":"https:\/\/pedf.gdu.edu.az\/index.php?rest_route=\/wp\/v2\/posts"}],"about":[{"href":"https:\/\/pedf.gdu.edu.az\/index.php?rest_route=\/wp\/v2\/types\/post"}],"author":[{"embeddable":true,"href":"https:\/\/pedf.gdu.edu.az\/index.php?rest_route=\/wp\/v2\/users\/4"}],"replies":[{"embeddable":true,"href":"https:\/\/pedf.gdu.edu.az\/index.php?rest_route=%2Fwp%2Fv2%2Fcomments&post=4699"}],"version-history":[{"count":1,"href":"https:\/\/pedf.gdu.edu.az\/index.php?rest_route=\/wp\/v2\/posts\/4699\/revisions"}],"predecessor-version":[{"id":4704,"href":"https:\/\/pedf.gdu.edu.az\/index.php?rest_route=\/wp\/v2\/posts\/4699\/revisions\/4704"}],"wp:featuredmedia":[{"embeddable":true,"href":"https:\/\/pedf.gdu.edu.az\/index.php?rest_route=\/wp\/v2\/media\/4700"}],"wp:attachment":[{"href":"https:\/\/pedf.gdu.edu.az\/index.php?rest_route=%2Fwp%2Fv2%2Fmedia&parent=4699"}],"wp:term":[{"taxonomy":"category","embeddable":true,"href":"https:\/\/pedf.gdu.edu.az\/index.php?rest_route=%2Fwp%2Fv2%2Fcategories&post=4699"},{"taxonomy":"post_tag","embeddable":true,"href":"https:\/\/pedf.gdu.edu.az\/index.php?rest_route=%2Fwp%2Fv2%2Ftags&post=4699"}],"curies":[{"name":"wp","href":"https:\/\/api.w.org\/{rel}","templated":true}]}}