{"id":4354,"date":"2019-03-06T23:17:12","date_gmt":"2019-03-06T21:17:12","guid":{"rendered":"http:\/\/pf.gdu.edu.az\/?p=4354"},"modified":"2019-03-07T09:19:20","modified_gmt":"2019-03-07T07:19:20","slug":"4354","status":"publish","type":"post","link":"https:\/\/pedf.gdu.edu.az\/?p=4354","title":{"rendered":"8 MART &#8211; BEYN\u018fLXALQ QADINLAR G\u00dcN\u00dc"},"content":{"rendered":"<div id=\"metaslider-id-4386\" style=\"max-width: 650px;\" class=\"ml-slider-3-106-0 metaslider metaslider-coin metaslider-4386 ml-slider has-dots-nav ms-theme-default\" role=\"region\" aria-label=\"8 mart 2019\" data-height=\"500\" data-width=\"650\">\n    <div id=\"metaslider_container_4386\">\n        <div id='metaslider_4386' class='coin-slider'>\n<a href=\"javascript:void(0)\" target=\"_self\"><img loading=\"lazy\" decoding=\"async\" src=\"https:\/\/pedf.gdu.edu.az\/wp-content\/uploads\/2019\/03\/20190306_112139.jpg\" height=\"500\" width=\"650\" alt=\"\" class=\"slider-4386 slide-4367 msDefaultImage\" style=\"display: none;\" \/><\/a>\n<a href=\"javascript:void(0)\" target=\"_self\"><img loading=\"lazy\" decoding=\"async\" src=\"https:\/\/pedf.gdu.edu.az\/wp-content\/uploads\/2019\/03\/20190306_112832.jpg\" height=\"500\" width=\"650\" alt=\"\" class=\"slider-4386 slide-4370 msDefaultImage\" style=\"display: none;\" \/><\/a>\n<a href=\"javascript:void(0)\" target=\"_self\"><img loading=\"lazy\" decoding=\"async\" src=\"https:\/\/pedf.gdu.edu.az\/wp-content\/uploads\/2019\/03\/20190306_113347.jpg\" height=\"500\" width=\"650\" alt=\"\" class=\"slider-4386 slide-4372 msDefaultImage\" style=\"display: none;\" \/><\/a>\n<a href=\"javascript:void(0)\" target=\"_self\"><img loading=\"lazy\" decoding=\"async\" src=\"https:\/\/pedf.gdu.edu.az\/wp-content\/uploads\/2019\/03\/20190306_114345.jpg\" height=\"500\" width=\"650\" alt=\"\" class=\"slider-4386 slide-4374 msDefaultImage\" style=\"display: none;\" \/><\/a>\n<a href=\"javascript:void(0)\" target=\"_self\"><img loading=\"lazy\" decoding=\"async\" src=\"https:\/\/pedf.gdu.edu.az\/wp-content\/uploads\/2019\/03\/20190306_115309.jpg\" height=\"500\" width=\"650\" alt=\"\" class=\"slider-4386 slide-4378 msDefaultImage\" style=\"display: none;\" \/><\/a>\n<a href=\"javascript:void(0)\" target=\"_self\"><img loading=\"lazy\" decoding=\"async\" src=\"https:\/\/pedf.gdu.edu.az\/wp-content\/uploads\/2019\/03\/20190306_114855.jpg\" height=\"500\" width=\"650\" alt=\"\" class=\"slider-4386 slide-4377 msDefaultImage\" style=\"display: none;\" \/><\/a>\n<a href=\"javascript:void(0)\" target=\"_self\"><img loading=\"lazy\" decoding=\"async\" src=\"https:\/\/pedf.gdu.edu.az\/wp-content\/uploads\/2019\/03\/20190306_120911.jpg\" height=\"500\" width=\"650\" alt=\"\" class=\"slider-4386 slide-4383 msDefaultImage\" style=\"display: none;\" \/><\/a>\n<a href=\"javascript:void(0)\" target=\"_self\"><img loading=\"lazy\" decoding=\"async\" src=\"https:\/\/pedf.gdu.edu.az\/wp-content\/uploads\/2019\/03\/20190306_120350.jpg\" height=\"500\" width=\"650\" alt=\"\" class=\"slider-4386 slide-4382 msDefaultImage\" style=\"display: none;\" \/><\/a>\n<a href=\"javascript:void(0)\" target=\"_self\"><img loading=\"lazy\" decoding=\"async\" src=\"https:\/\/pedf.gdu.edu.az\/wp-content\/uploads\/2019\/03\/20190306_120001.jpg\" height=\"500\" width=\"650\" alt=\"\" class=\"slider-4386 slide-4381 msDefaultImage\" style=\"display: none;\" \/><\/a>\n<a href=\"javascript:void(0)\" target=\"_self\"><img loading=\"lazy\" decoding=\"async\" src=\"https:\/\/pedf.gdu.edu.az\/wp-content\/uploads\/2019\/03\/20190306_115542.jpg\" height=\"500\" width=\"650\" alt=\"\" class=\"slider-4386 slide-4380 msDefaultImage\" style=\"display: none;\" \/><\/a>\n        <\/div>\n        \n    <\/div>\n<\/div>\n<p>06.03.2019-cu il tarixind\u0259 &#8220;8 Mart &#8211; Beyn\u0259lxalq Qad\u0131nlar G\u00fcn\u00fc&#8221; m\u00fcnasib\u0259til\u0259 rektorlu\u011fun t\u0259\u015fkil etdiyi t\u0259nt\u0259n\u0259li t\u0259dbir ke\u00e7irildi. H\u00f6rm\u0259tli rektorumuz prof. Y.Yusibovun t\u0259brik \u00e7\u0131x\u0131\u015f\u0131ndan sonra universitetin qad\u0131n \u0259m\u0259kda\u015flar\u0131n\u0131n b\u00f6y\u00fck bir qrupu &#8220;F\u0259xri f\u0259rman&#8221;, &#8220;T\u0259\u015f\u0259kk\u00fcr&#8221; v\u0259 pul m\u00fckafat\u0131 il\u0259 t\u0259ltif olundu. T\u0259ltif olunanlar aras\u0131nda fak\u00fclt\u0259mizin \u00fc\u00e7 n\u0259f\u0259r \u0259m\u0259kda\u015f\u0131 (dekanl\u0131\u011f\u0131n tyutoru Nahid\u0259 Yusifova; \u00dcmumi pedaqogika kafedras\u0131n\u0131n ba\u015f m\u00fc\u0259llimi \u00dclk\u0259r M\u0259mm\u0259dova; T\u0259hsilin pedaqogikas\u0131 v\u0259 metodikas\u0131 kafedras\u0131n\u0131n kabinet m\u00fcdiri V\u0259fa M\u0259mm\u0259dova) da var idi. T\u0259dbirin b\u0259dii hiss\u0259sind\u0259 d\u0259 fak\u00fclt\u0259mizin kollektivi f\u0259al i\u015ftrak etdi. Bel\u0259 ki, fak\u00fct\u0259mizin dekan\u0131, alim-\u015fair Bayram Apoyevin &#8220;Az\u0259rbaycan qad\u0131nlar\u0131&#8221; \u015feirin s\u0259sl\u0259ndirilm\u0259sind\u0259n sonra s\u00f6z fak\u00fclt\u0259nin Musiqi m\u00fc\u0259llimliyi ixtisas\u0131n\u0131n t\u0259l\u0259b\u0259l\u0259rin\u0259 verildi. Musqi f\u0259nl\u0259ri kafedras\u0131n\u0131n m\u00fcdiri prof. S.Qurban\u0259liyevan\u0131n r\u0259hb\u0259rliyi il\u0259 t\u0259dbirl\u0259rin haz\u0131rlad\u0131\u011f\u0131\u00a0 konsert t\u0259dbir i\u015ftrak\u00e7\u0131lar\u0131 t\u0259r\u0259find\u0259n alq\u0131\u015flarla qar\u015f\u0131land\u0131.<\/p>\n","protected":false},"excerpt":{"rendered":"<p>06.03.2019-cu il tarixind\u0259 &#8220;8 Mart &#8211; Beyn\u0259lxalq Qad\u0131nlar G\u00fcn\u00fc&#8221; m\u00fcnasib\u0259til\u0259 rektorlu\u011fun t\u0259\u015fkil etdiyi t\u0259nt\u0259n\u0259li t\u0259dbir ke\u00e7irildi. H\u00f6rm\u0259tli rektorumuz prof. Y.Yusibovun t\u0259brik \u00e7\u0131x\u0131\u015f\u0131ndan sonra universitetin qad\u0131n \u0259m\u0259kda\u015flar\u0131n\u0131n b\u00f6y\u00fck bir qrupu &#8220;F\u0259xri f\u0259rman&#8221;, &#8220;T\u0259\u015f\u0259kk\u00fcr&#8221; v\u0259 pul m\u00fckafat\u0131 il\u0259 t\u0259ltif olundu. T\u0259ltif olunanlar aras\u0131nda fak\u00fclt\u0259mizin \u00fc\u00e7 n\u0259f\u0259r \u0259m\u0259kda\u015f\u0131 (dekanl\u0131\u011f\u0131n tyutoru Nahid\u0259 Yusifova; \u00dcmumi pedaqogika kafedras\u0131n\u0131n ba\u015f m\u00fc\u0259llimi \u00dclk\u0259r<\/p>\n<p><a href=\"https:\/\/pedf.gdu.edu.az\/?p=4354\" class=\"more-link themebutton\">Daha \u0259trafl\u0131 <\/a><\/p>\n","protected":false},"author":4,"featured_media":4367,"comment_status":"open","ping_status":"open","sticky":false,"template":"","format":"standard","meta":{"footnotes":""},"categories":[1],"tags":[],"class_list":["post-4354","post","type-post","status-publish","format-standard","has-post-thumbnail","hentry","category-sas"],"_links":{"self":[{"href":"https:\/\/pedf.gdu.edu.az\/index.php?rest_route=\/wp\/v2\/posts\/4354","targetHints":{"allow":["GET"]}}],"collection":[{"href":"https:\/\/pedf.gdu.edu.az\/index.php?rest_route=\/wp\/v2\/posts"}],"about":[{"href":"https:\/\/pedf.gdu.edu.az\/index.php?rest_route=\/wp\/v2\/types\/post"}],"author":[{"embeddable":true,"href":"https:\/\/pedf.gdu.edu.az\/index.php?rest_route=\/wp\/v2\/users\/4"}],"replies":[{"embeddable":true,"href":"https:\/\/pedf.gdu.edu.az\/index.php?rest_route=%2Fwp%2Fv2%2Fcomments&post=4354"}],"version-history":[{"count":5,"href":"https:\/\/pedf.gdu.edu.az\/index.php?rest_route=\/wp\/v2\/posts\/4354\/revisions"}],"predecessor-version":[{"id":4387,"href":"https:\/\/pedf.gdu.edu.az\/index.php?rest_route=\/wp\/v2\/posts\/4354\/revisions\/4387"}],"wp:featuredmedia":[{"embeddable":true,"href":"https:\/\/pedf.gdu.edu.az\/index.php?rest_route=\/wp\/v2\/media\/4367"}],"wp:attachment":[{"href":"https:\/\/pedf.gdu.edu.az\/index.php?rest_route=%2Fwp%2Fv2%2Fmedia&parent=4354"}],"wp:term":[{"taxonomy":"category","embeddable":true,"href":"https:\/\/pedf.gdu.edu.az\/index.php?rest_route=%2Fwp%2Fv2%2Fcategories&post=4354"},{"taxonomy":"post_tag","embeddable":true,"href":"https:\/\/pedf.gdu.edu.az\/index.php?rest_route=%2Fwp%2Fv2%2Ftags&post=4354"}],"curies":[{"name":"wp","href":"https:\/\/api.w.org\/{rel}","templated":true}]}}