{"id":4220,"date":"2019-02-02T11:42:01","date_gmt":"2019-02-02T09:42:01","guid":{"rendered":"http:\/\/pf.gdu.edu.az\/?p=4220"},"modified":"2019-02-06T11:47:43","modified_gmt":"2019-02-06T09:47:43","slug":"g%c9%99nc%c9%99-dovl%c9%99t-universitetind%c9%99-2-fevral-g%c9%99ncl%c9%99r-gunu-qeyd-olunub","status":"publish","type":"post","link":"https:\/\/pedf.gdu.edu.az\/?p=4220","title":{"rendered":"G\u018fNC\u018f D\u00d6VL\u018fT UN\u0130VERS\u0130TET\u0130ND\u018f 2 FEVRAL \u2013 G\u018fNCL\u018fR G\u00dcN\u00dc QEYD OLUNUB"},"content":{"rendered":"<p style=\"text-align: center;\"><a href=\"http:\/\/pf.gdu.edu.az\/wp-content\/uploads\/2019\/02\/G\u0259nc\u0259-GDU-G\u0259ncl\u0259r-G\u00fcn\u00fc-4-700x500.jpg\" data-rel=\"lightbox-image-0\" data-rl_title=\"\" data-rl_caption=\"\" title=\"\"><img loading=\"lazy\" decoding=\"async\" class=\"alignnone size-medium wp-image-4221\" src=\"http:\/\/pf.gdu.edu.az\/wp-content\/uploads\/2019\/02\/G\u0259nc\u0259-GDU-G\u0259ncl\u0259r-G\u00fcn\u00fc-4-700x500-300x214.jpg\" alt=\"G\u0259nc\u0259-GDU-G\u0259ncl\u0259r-G\u00fcn\u00fc-4-700x500\" width=\"300\" height=\"214\" srcset=\"https:\/\/pedf.gdu.edu.az\/wp-content\/uploads\/2019\/02\/G\u0259nc\u0259-GDU-G\u0259ncl\u0259r-G\u00fcn\u00fc-4-700x500-300x214.jpg 300w, https:\/\/pedf.gdu.edu.az\/wp-content\/uploads\/2019\/02\/G\u0259nc\u0259-GDU-G\u0259ncl\u0259r-G\u00fcn\u00fc-4-700x500.jpg 700w\" sizes=\"auto, (max-width: 300px) 100vw, 300px\" \/><\/a><\/p>\n<p>Universitetin M\u0259tbuat v\u0259 ictimaiyy\u0259tl\u0259 \u0259laq\u0259l\u0259r xidm\u0259ti x\u0259b\u0259r verir ki, t\u0259dbird\u0259 \u00e7\u0131x\u0131\u015f ed\u0259n rektor, professor Yusif Yusibov 2 Fevral \u2013 G\u0259ncl\u0259r G\u00fcn\u00fcn\u00fcn respublikam\u0131zda t\u0259nt\u0259n\u0259 il\u0259 qeyd olunmas\u0131n\u0131n \u00fcmummilli lider Heyd\u0259r \u018fliyevin ad\u0131 il\u0259 ba\u011fl\u0131 oldu\u011funu, Ulu \u00d6nd\u0259rin ikinci d\u0259f\u0259 hakimiyy\u0259t\u0259 qay\u0131d\u0131\u015f\u0131ndan sonra Az\u0259rbaycanda d\u00f6vl\u0259t-g\u0259ncl\u0259r siyas\u0259tinin \u0259sas\u0131n\u0131n qoyuldu\u011funu vur\u011fulay\u0131b.<\/p>\n<p>Qeyd olunub ki, Ulu \u00d6nd\u0259rin prezidentliyi d\u00f6vr\u00fcnd\u0259 \u00f6lk\u0259 g\u0259ncl\u0259ri onun diqq\u0259t v\u0259 qay\u011f\u0131s\u0131n\u0131 daim hiss edibl\u0259r. Vaxtil\u0259 \u0259sas\u0131 qoyulmu\u015f h\u0259min siyas\u0259tin n\u0259tic\u0259sidir ki, \u00f6lk\u0259mizd\u0259 idar\u0259etm\u0259 bacar\u0131\u011f\u0131 il\u0259 se\u00e7il\u0259n intellektual, d\u00fcnyag\u00f6r\u00fc\u015fl\u00fc yeni n\u0259sil yeti\u015fib.<\/p>\n<p>Bu g\u00fcn g\u0259ncl\u0259r siyas\u0259ti Prezident \u0130lham \u018fliyev t\u0259r\u0259find\u0259n u\u011furla davam etdirilir. D\u00f6vl\u0259timizin ba\u015f\u00e7\u0131s\u0131n\u0131n t\u0259hsilin inki\u015faf\u0131na g\u00f6st\u0259rdiyi diqq\u0259t v\u0259 qay\u011f\u0131 onu t\u0259sdiql\u0259yir ki, bu m\u00fch\u00fcm amil son d\u00f6vrl\u0259rd\u0259 d\u00f6vl\u0259t siyas\u0259tinin m\u00fch\u00fcm prinsipl\u0259ri s\u0131ras\u0131na daxil edilib. Bu proses t\u0259kc\u0259 paytaxt il\u0259 m\u0259hdudla\u015fm\u0131r, b\u00f6lg\u0259l\u0259ri d\u0259 \u0259hat\u0259 edir.<\/p>\n<p>\u201cBu g\u00fcn t\u0259hsil sah\u0259sind\u0259 davaml\u0131 olaraq islahatlar h\u0259yata ke\u00e7irilm\u0259kd\u0259dir. B\u00fct\u00fcn bunlar bir daha \u0259min olma\u011fa \u0259sas verir ki, m\u00fcasir Az\u0259rbaycan t\u0259hsili \u00f6z\u00fcn\u00fcn z\u0259ngin m\u00fct\u0259r\u0259qqi \u0259n\u0259n\u0259l\u0259rin\u0259, milli-m\u0259n\u0259vi v\u0259 \u00fcmumb\u0259\u015f\u0259ri d\u0259y\u0259rl\u0259r\u0259, beyn\u0259lxalq t\u0259cr\u00fcb\u0259y\u0259 \u0259saslanaraq daha da inki\u015faf ed\u0259c\u0259k. \u00c7\u00fcnki qazan\u0131lan b\u00fct\u00fcn nailiyy\u0259tl\u0259r m\u0259hz ulu \u00f6nd\u0259r Heyd\u0259r \u018fliyev ideyalar\u0131ndan g\u00fcc al\u0131r\u201d, \u2013 dey\u0259 Y.Yusibov qeyd edib.<\/p>\n<p>Azad H\u0259mkarlar \u0130ttifaq\u0131 Komit\u0259sinin s\u0259dri Afaq Qas\u0131mova universitetd\u0259 t\u0259l\u0259b\u0259l\u0259r\u0259 g\u00f6st\u0259ril\u0259n diqq\u0259t v\u0259 qay\u011f\u0131dan, h\u0259m\u00e7inin onlar\u0131n h\u0259m t\u0259hsild\u0259, h\u0259m d\u0259 idman sah\u0259sind\u0259ki nailiyy\u0259tl\u0259rind\u0259n dan\u0131\u015f\u0131b.<\/p>\n<p>Sonda universitetin v\u0259 G\u0259nc\u0259 \u015f\u0259h\u0259rinin ictimai h\u0259yat\u0131nda f\u0259al i\u015ftirak\u0131na g\u00f6r\u0259 bir qrup g\u0259nc f\u0259xri f\u0259rmanla t\u0259ltif olunub.<\/p>\n","protected":false},"excerpt":{"rendered":"<p>Universitetin M\u0259tbuat v\u0259 ictimaiyy\u0259tl\u0259 \u0259laq\u0259l\u0259r xidm\u0259ti x\u0259b\u0259r verir ki, t\u0259dbird\u0259 \u00e7\u0131x\u0131\u015f ed\u0259n rektor, professor Yusif Yusibov 2 Fevral \u2013 G\u0259ncl\u0259r G\u00fcn\u00fcn\u00fcn respublikam\u0131zda t\u0259nt\u0259n\u0259 il\u0259 qeyd olunmas\u0131n\u0131n \u00fcmummilli lider Heyd\u0259r \u018fliyevin ad\u0131 il\u0259 ba\u011fl\u0131 oldu\u011funu, Ulu \u00d6nd\u0259rin ikinci d\u0259f\u0259 hakimiyy\u0259t\u0259 qay\u0131d\u0131\u015f\u0131ndan sonra Az\u0259rbaycanda d\u00f6vl\u0259t-g\u0259ncl\u0259r siyas\u0259tinin \u0259sas\u0131n\u0131n qoyuldu\u011funu vur\u011fulay\u0131b. Qeyd olunub ki, Ulu \u00d6nd\u0259rin prezidentliyi d\u00f6vr\u00fcnd\u0259 \u00f6lk\u0259<\/p>\n<p><a href=\"https:\/\/pedf.gdu.edu.az\/?p=4220\" class=\"more-link themebutton\">Daha \u0259trafl\u0131 <\/a><\/p>\n","protected":false},"author":4,"featured_media":4222,"comment_status":"open","ping_status":"open","sticky":false,"template":"","format":"standard","meta":{"footnotes":""},"categories":[1],"tags":[],"class_list":["post-4220","post","type-post","status-publish","format-standard","has-post-thumbnail","hentry","category-sas"],"_links":{"self":[{"href":"https:\/\/pedf.gdu.edu.az\/index.php?rest_route=\/wp\/v2\/posts\/4220","targetHints":{"allow":["GET"]}}],"collection":[{"href":"https:\/\/pedf.gdu.edu.az\/index.php?rest_route=\/wp\/v2\/posts"}],"about":[{"href":"https:\/\/pedf.gdu.edu.az\/index.php?rest_route=\/wp\/v2\/types\/post"}],"author":[{"embeddable":true,"href":"https:\/\/pedf.gdu.edu.az\/index.php?rest_route=\/wp\/v2\/users\/4"}],"replies":[{"embeddable":true,"href":"https:\/\/pedf.gdu.edu.az\/index.php?rest_route=%2Fwp%2Fv2%2Fcomments&post=4220"}],"version-history":[{"count":1,"href":"https:\/\/pedf.gdu.edu.az\/index.php?rest_route=\/wp\/v2\/posts\/4220\/revisions"}],"predecessor-version":[{"id":4223,"href":"https:\/\/pedf.gdu.edu.az\/index.php?rest_route=\/wp\/v2\/posts\/4220\/revisions\/4223"}],"wp:featuredmedia":[{"embeddable":true,"href":"https:\/\/pedf.gdu.edu.az\/index.php?rest_route=\/wp\/v2\/media\/4222"}],"wp:attachment":[{"href":"https:\/\/pedf.gdu.edu.az\/index.php?rest_route=%2Fwp%2Fv2%2Fmedia&parent=4220"}],"wp:term":[{"taxonomy":"category","embeddable":true,"href":"https:\/\/pedf.gdu.edu.az\/index.php?rest_route=%2Fwp%2Fv2%2Fcategories&post=4220"},{"taxonomy":"post_tag","embeddable":true,"href":"https:\/\/pedf.gdu.edu.az\/index.php?rest_route=%2Fwp%2Fv2%2Ftags&post=4220"}],"curies":[{"name":"wp","href":"https:\/\/api.w.org\/{rel}","templated":true}]}}