{"id":4184,"date":"2018-12-28T08:16:56","date_gmt":"2018-12-28T06:16:56","guid":{"rendered":"http:\/\/pf.gdu.edu.az\/?p=4184"},"modified":"2019-01-07T09:19:39","modified_gmt":"2019-01-07T07:19:39","slug":"bayram-t%c9%99dbiri","status":"publish","type":"post","link":"https:\/\/pedf.gdu.edu.az\/?p=4184","title":{"rendered":"BAYRAM T\u018fDB\u0130R\u0130"},"content":{"rendered":"<div id=\"metaslider-id-4194\" style=\"max-width: 650px;\" class=\"ml-slider-3-106-0 metaslider metaslider-coin metaslider-4194 ml-slider has-dots-nav ms-theme-default\" role=\"region\" aria-label=\"YEN\u0130 \u0130L 2018\" data-height=\"500\" data-width=\"650\">\n    <div id=\"metaslider_container_4194\">\n        <div id='metaslider_4194' class='coin-slider'>\n<a href=\"javascript:void(0)\" target=\"_self\"><img loading=\"lazy\" decoding=\"async\" src=\"https:\/\/pedf.gdu.edu.az\/wp-content\/uploads\/2018\/12\/20181227_111511.jpg\" height=\"500\" width=\"650\" alt=\"\" class=\"slider-4194 slide-4186 msDefaultImage\" style=\"display: none;\" \/><\/a>\n<a href=\"javascript:void(0)\" target=\"_self\"><img loading=\"lazy\" decoding=\"async\" src=\"https:\/\/pedf.gdu.edu.az\/wp-content\/uploads\/2018\/12\/20181227_111825.jpg\" height=\"500\" width=\"650\" alt=\"\" class=\"slider-4194 slide-4187 msDefaultImage\" style=\"display: none;\" \/><\/a>\n<a href=\"javascript:void(0)\" target=\"_self\"><img loading=\"lazy\" decoding=\"async\" src=\"https:\/\/pedf.gdu.edu.az\/wp-content\/uploads\/2018\/12\/20181227_113046.jpg\" height=\"500\" width=\"650\" alt=\"\" class=\"slider-4194 slide-4188 msDefaultImage\" style=\"display: none;\" \/><\/a>\n<a href=\"javascript:void(0)\" target=\"_self\"><img loading=\"lazy\" decoding=\"async\" src=\"https:\/\/pedf.gdu.edu.az\/wp-content\/uploads\/2018\/12\/20181227_113057.jpg\" height=\"500\" width=\"650\" alt=\"\" class=\"slider-4194 slide-4189 msDefaultImage\" style=\"display: none;\" \/><\/a>\n<a href=\"javascript:void(0)\" target=\"_self\"><img loading=\"lazy\" decoding=\"async\" src=\"https:\/\/pedf.gdu.edu.az\/wp-content\/uploads\/2018\/12\/20181227_113512.jpg\" height=\"500\" width=\"650\" alt=\"\" class=\"slider-4194 slide-4190 msDefaultImage\" style=\"display: none;\" \/><\/a>\n<a href=\"javascript:void(0)\" target=\"_self\"><img loading=\"lazy\" decoding=\"async\" src=\"https:\/\/pedf.gdu.edu.az\/wp-content\/uploads\/2018\/12\/20181227_113845.jpg\" height=\"500\" width=\"650\" alt=\"\" class=\"slider-4194 slide-4191 msDefaultImage\" style=\"display: none;\" \/><\/a>\n<a href=\"javascript:void(0)\" target=\"_self\"><img loading=\"lazy\" decoding=\"async\" src=\"https:\/\/pedf.gdu.edu.az\/wp-content\/uploads\/2018\/12\/20181227_114720.jpg\" height=\"500\" width=\"650\" alt=\"\" class=\"slider-4194 slide-4192 msDefaultImage\" style=\"display: none;\" \/><\/a>\n<a href=\"javascript:void(0)\" target=\"_self\"><img loading=\"lazy\" decoding=\"async\" src=\"https:\/\/pedf.gdu.edu.az\/wp-content\/uploads\/2018\/12\/20181227_115116.jpg\" height=\"500\" width=\"650\" alt=\"\" class=\"slider-4194 slide-4193 msDefaultImage\" style=\"display: none;\" \/><\/a>\n        <\/div>\n        \n    <\/div>\n<\/div>\n<p>Dekabr\u0131n 27-d\u0259 G\u0259nc\u0259 D\u00f6vl\u0259t Universitetind\u0259 (GDU) 31 Dekabr \u2013 D\u00fcnya Az\u0259rbaycanl\u0131lar\u0131n\u0131n H\u0259mr\u0259ylik G\u00fcn\u00fc v\u0259 Yeni il bayram\u0131 t\u0259nt\u0259n\u0259 il\u0259 qeyd edilib.<\/p>\n<p>Bayram t\u0259dbirind\u0259 \u00e7\u0131x\u0131\u015f ed\u0259n GDU-nun rektoru, professor Yusif Yusibov ba\u015fa \u00e7atmaqda olan ilin yekunlar\u0131ndan, 2019-cu ild\u0259 qar\u015f\u0131da duran v\u0259zif\u0259l\u0259rd\u0259n s\u00f6z a\u00e7\u0131b.<\/p>\n<p>2018-ci ilin Az\u0259rbaycan\u0131n b\u00fct\u00fcn sah\u0259l\u0259rd\u0259 dinamik inki\u015faf\u0131 \u00fc\u00e7\u00fcn u\u011furlu il oldu\u011funu dey\u0259n Yusif Yusifov qeyd edib ki, bu il G\u0259nc\u0259 D\u00f6vl\u0259t Universiteti \u00fc\u00e7\u00fcn d\u0259 y\u00fcks\u0259k nailiyy\u0259tl\u0259r\u0259 \u015f\u0259rtl\u0259nib.<\/p>\n<p>Bel\u0259 ki, bu il universitetin infrastrukturu, maddi-texniki bazas\u0131 v\u0259 kadr potensial\u0131 daha da m\u00fcasirl\u0259\u015fdirilib, beyn\u0259lxalq \u0259laq\u0259l\u0259rinin co\u011frafiyas\u0131 geni\u015fl\u0259ndirilib. Ali t\u0259hsil m\u00fc\u0259ssis\u0259sinin yerli v\u0259 xarici universitetl\u0259rl\u0259 birg\u0259 icras\u0131na qo\u015fuldu\u011fu beyn\u0259lxalq proqramlar\u0131n say\u0131 art\u0131b. GDU-da ke\u00e7iril\u0259n f\u0259nn olimpiadalar\u0131n\u0131n, musiqi festivallar\u0131n\u0131n v\u0259 idman yar\u0131\u015flar\u0131n\u0131n h\u0259r biri yaln\u0131z universitet \u00fc\u00e7\u00fcn deyil, h\u0259m d\u0259 G\u0259nc\u0259 \u00fc\u00e7\u00fcn \u00fcmum\u015f\u0259h\u0259r t\u0259dbirin\u0259 \u00e7evrilib. T\u0259l\u0259b\u0259l\u0259r universitet daxilind\u0259 t\u0259\u015fkil edilmi\u015f yar\u0131\u015flarla yana\u015f\u0131, bir \u00e7ox yerli v\u0259 beyn\u0259lxalq turnirl\u0259rd\u0259, spartakida, universiada v\u0259 \u00e7empionatlarda i\u015ftirak ed\u0259r\u0259k u\u011furlu n\u0259tic\u0259l\u0259r g\u00f6st\u0259ribl\u0259r. Elm-t\u0259hsil sah\u0259sind\u0259, el\u0259c\u0259 d\u0259 ictimai v\u0259 sosial h\u0259yatda qazan\u0131lan u\u011furlar bir \u00e7ox s\u0259rgil\u0259rd\u0259, h\u0259m\u00e7inin B\u00fcyn\u0259lxalq T\u0259hsil v\u0259 Karyera s\u0259rgisind\u0259 n\u00fcmayi\u015f etdirilib.<\/p>\n<p>31 Dekabr \u2013 D\u00fcnya Az\u0259rbaycanl\u0131lar\u0131n\u0131n H\u0259mr\u0259ylik G\u00fcn\u00fcn\u00fcn t\u0259sis edilm\u0259sinin d\u00fcnyan\u0131n f\u0259rqli co\u011frafiyalar\u0131nda ya\u015fayan az\u0259rbaycanl\u0131lar aras\u0131nda birliyin v\u0259 h\u0259mr\u0259yliyin yarad\u0131lmas\u0131 bax\u0131m\u0131ndan b\u00f6y\u00fck \u0259h\u0259miyy\u0259t\u0259 malik oldu\u011funu dey\u0259n rektor bu tarixin bayram g\u00fcn\u00fc kimi qeyd edilm\u0259sind\u0259 \u00fcmummilli lider Heyd\u0259r \u018fliyevin xidm\u0259tl\u0259rini y\u00fcks\u0259k qiym\u0259tl\u0259ndirib.<\/p>\n<p>&nbsp;<\/p>\n<p>2018-ci ilin universitet kollektivi \u00fc\u00e7\u00fcn y\u00fcks\u0259k nailiyy\u0259tl\u0259r ili kimi yadda qalaca\u011f\u0131n\u0131 dey\u0259n rektor,2019-cu ild\u0259 qar\u015f\u0131da duran v\u0259zif\u0259l\u0259rd\u0259n d\u0259 s\u00f6z kollektiv\u0259 g\u0259l\u0259c\u0259k f\u0259aliyy\u0259tl\u0259rind\u0259 u\u011furlar arzulay\u0131b.<\/p>\n<p>Bayram t\u0259dbirind\u0259 2018-ci ild\u0259 universitetin ictimai h\u0259yat\u0131nda f\u0259al i\u015ftirak ed\u0259n, t\u0259hsil u\u011furlar\u0131 il\u0259 se\u00e7il\u0259n m\u00fc\u0259lliml\u0259r\u0259 f\u0259xri f\u0259rmanlar t\u0259qdim olunub.<\/p>\n<p>Bayram t\u0259dbiri universitetin istedadl\u0131 t\u0259l\u0259b\u0259l\u0259rinin ifas\u0131nda s\u0259sl\u0259ndiril\u0259n \u015f\u0259n mahn\u0131lar, oynaq r\u0259qsl\u0259r, m\u0259z\u0259li s\u0259hn\u0259cikl\u0259r, bayram ovqatl\u0131 zarafatlarla yadda qal\u0131b.<\/p>\n","protected":false},"excerpt":{"rendered":"<p>Dekabr\u0131n 27-d\u0259 G\u0259nc\u0259 D\u00f6vl\u0259t Universitetind\u0259 (GDU) 31 Dekabr \u2013 D\u00fcnya Az\u0259rbaycanl\u0131lar\u0131n\u0131n H\u0259mr\u0259ylik G\u00fcn\u00fc v\u0259 Yeni il bayram\u0131 t\u0259nt\u0259n\u0259 il\u0259 qeyd edilib. Bayram t\u0259dbirind\u0259 \u00e7\u0131x\u0131\u015f ed\u0259n GDU-nun rektoru, professor Yusif Yusibov ba\u015fa \u00e7atmaqda olan ilin yekunlar\u0131ndan, 2019-cu ild\u0259 qar\u015f\u0131da duran v\u0259zif\u0259l\u0259rd\u0259n s\u00f6z a\u00e7\u0131b. 2018-ci ilin Az\u0259rbaycan\u0131n b\u00fct\u00fcn sah\u0259l\u0259rd\u0259 dinamik inki\u015faf\u0131 \u00fc\u00e7\u00fcn u\u011furlu il oldu\u011funu dey\u0259n Yusif<\/p>\n<p><a href=\"https:\/\/pedf.gdu.edu.az\/?p=4184\" class=\"more-link themebutton\">Daha \u0259trafl\u0131 <\/a><\/p>\n","protected":false},"author":4,"featured_media":4186,"comment_status":"open","ping_status":"open","sticky":false,"template":"","format":"standard","meta":{"footnotes":""},"categories":[1],"tags":[],"class_list":["post-4184","post","type-post","status-publish","format-standard","has-post-thumbnail","hentry","category-sas"],"_links":{"self":[{"href":"https:\/\/pedf.gdu.edu.az\/index.php?rest_route=\/wp\/v2\/posts\/4184","targetHints":{"allow":["GET"]}}],"collection":[{"href":"https:\/\/pedf.gdu.edu.az\/index.php?rest_route=\/wp\/v2\/posts"}],"about":[{"href":"https:\/\/pedf.gdu.edu.az\/index.php?rest_route=\/wp\/v2\/types\/post"}],"author":[{"embeddable":true,"href":"https:\/\/pedf.gdu.edu.az\/index.php?rest_route=\/wp\/v2\/users\/4"}],"replies":[{"embeddable":true,"href":"https:\/\/pedf.gdu.edu.az\/index.php?rest_route=%2Fwp%2Fv2%2Fcomments&post=4184"}],"version-history":[{"count":2,"href":"https:\/\/pedf.gdu.edu.az\/index.php?rest_route=\/wp\/v2\/posts\/4184\/revisions"}],"predecessor-version":[{"id":4195,"href":"https:\/\/pedf.gdu.edu.az\/index.php?rest_route=\/wp\/v2\/posts\/4184\/revisions\/4195"}],"wp:featuredmedia":[{"embeddable":true,"href":"https:\/\/pedf.gdu.edu.az\/index.php?rest_route=\/wp\/v2\/media\/4186"}],"wp:attachment":[{"href":"https:\/\/pedf.gdu.edu.az\/index.php?rest_route=%2Fwp%2Fv2%2Fmedia&parent=4184"}],"wp:term":[{"taxonomy":"category","embeddable":true,"href":"https:\/\/pedf.gdu.edu.az\/index.php?rest_route=%2Fwp%2Fv2%2Fcategories&post=4184"},{"taxonomy":"post_tag","embeddable":true,"href":"https:\/\/pedf.gdu.edu.az\/index.php?rest_route=%2Fwp%2Fv2%2Ftags&post=4184"}],"curies":[{"name":"wp","href":"https:\/\/api.w.org\/{rel}","templated":true}]}}