{"id":3436,"date":"2018-03-08T10:00:19","date_gmt":"2018-03-08T08:00:19","guid":{"rendered":"http:\/\/pf.gdu.edu.az\/?p=3436"},"modified":"2018-03-09T08:07:24","modified_gmt":"2018-03-09T06:07:24","slug":"beyn%c9%99lxalq-qadinlar-gunu","status":"publish","type":"post","link":"https:\/\/pedf.gdu.edu.az\/?p=3436","title":{"rendered":"BEYN\u018fLXALQ QADINLAR G\u00dcN\u00dc"},"content":{"rendered":"<p style=\"text-align: center;\"><a href=\"http:\/\/pf.gdu.edu.az\/wp-content\/uploads\/2018\/03\/images-1.jpg\" data-rel=\"lightbox-image-0\" data-rl_title=\"\" data-rl_caption=\"\" title=\"\"><img loading=\"lazy\" decoding=\"async\" class=\"alignnone size-full wp-image-3437\" src=\"http:\/\/pf.gdu.edu.az\/wp-content\/uploads\/2018\/03\/images-1.jpg\" alt=\"images (1)\" width=\"280\" height=\"180\" \/><\/a><\/p>\n<p><strong>Beyn\u0259lxalq Qad\u0131nlar G\u00fcn\u00fc<\/strong>\u00a0\u2014 H\u0259r il\u00a0<a href=\"https:\/\/az.wikipedia.org\/wiki\/8_mart\">8 mart<\/a>\u00a0tarixind\u0259 qeyd olunan Beyn\u0259lxalq \u0130\u015f\u00e7i Qad\u0131nlar G\u00fcn\u00fc olaraq da tan\u0131nan qad\u0131nlar\u0131n iqtisadi, ictimai v\u0259 siyasi m\u00fcbariz\u0259sini, habel\u0259 \u00fcmumi olaraq qad\u0131nlara qar\u015f\u0131 n\u0259zak\u0259t, sevgi v\u0259 m\u0259h\u0259bb\u0259ti t\u0259r\u0259nn\u00fcm\u00fcn\u00fc \u0259n\u0259n\u0259vi hala g\u0259tirmi\u015f bayram. 8 mart\u00a0<a href=\"https:\/\/az.wikipedia.org\/wiki\/Postsovet_m%C9%99kan%C4%B1\">postsovet<\/a>respublikalar\u0131nda, habel\u0259\u00a0<a href=\"https:\/\/az.wikipedia.org\/wiki\/Anqola\">Anqola<\/a>,\u00a0<a href=\"https:\/\/az.wikipedia.org\/wiki\/Burkina-Faso\">Burkina-Faso<\/a>,\u00a0<a href=\"https:\/\/az.wikipedia.org\/wiki\/Qvineya-Bisau\">Qvineya-Bisau<\/a>,\u00a0<a href=\"https:\/\/az.wikipedia.org\/wiki\/Kamboca\">Kamboca<\/a>,\u00a0<a href=\"https:\/\/az.wikipedia.org\/wiki\/%C3%87in\">\u00c7in<\/a>,\u00a0<a href=\"https:\/\/az.wikipedia.org\/wiki\/Konqo\">Konqo<\/a>,\u00a0<a href=\"https:\/\/az.wikipedia.org\/wiki\/Laos\">Laos<\/a>,\u00a0<a href=\"https:\/\/az.wikipedia.org\/wiki\/Makedoniya_Respublikas%C4%B1\">Makedoniya Respublikas\u0131<\/a>,\u00a0<a href=\"https:\/\/az.wikipedia.org\/wiki\/Monqolustan\">Monqolustan<\/a>,\u00a0<a href=\"https:\/\/az.wikipedia.org\/wiki\/Nepal\">Nepal<\/a>,\u00a0<a href=\"https:\/\/az.wikipedia.org\/wiki\/%C5%9Eimali_Koreya\">\u015eimali Koreya<\/a>\u00a0v\u0259\u00a0<a href=\"https:\/\/az.wikipedia.org\/wiki\/Uqanda\">Uqandada<\/a>\u00a0qeyri-i\u015f g\u00fcn\u00fc say\u0131l\u0131r.\u00a0<a href=\"https:\/\/az.wikipedia.org\/wiki\/BMT\">BMT<\/a>d\u0259 8 mart\u0131 beyn\u0259lxalq qad\u0131nlar g\u00fcn\u00fc kimi tan\u0131y\u0131b.<\/p>\n<p>8 Mart\u00a0<a href=\"https:\/\/az.wikipedia.org\/wiki\/Sovet_%C4%B0ttifaq%C4%B1\">Sovet \u0130ttifaq\u0131ndan<\/a>\u00a0qalma bayram olsa da,\u00a0<a href=\"https:\/\/az.wikipedia.org\/wiki\/Az%C9%99rbaycan\">Az\u0259rbaycanda<\/a>\u00a0indiy\u0259d\u0259k qeyd edilir. M\u0259hz qad\u0131nlar\u0131n k\u00fctl\u0259vi \u015f\u0259kild\u0259 savadlanmas\u0131, m\u00fc\u0259yy\u0259n h\u00fcquqlara malik olmas\u0131 h\u0259min d\u00f6vr\u0259 t\u0259sad\u00fcf edir. B\u0259lk\u0259 d\u0259 buna g\u00f6r\u0259dir ki, 8 Mart dig\u0259r sosializm m\u0259n\u015f\u0259li bayramlardan f\u0259rqli olaraq, art\u0131q m\u00fcst\u0259qillik qazanm\u0131\u015f ke\u00e7mi\u015f\u00a0<a href=\"https:\/\/az.wikipedia.org\/wiki\/SSR%C4%B0\">SSR\u0130<\/a>\u00a0respublikalar\u0131n\u0131n t\u0259qvimind\u0259n bu g\u00fcn\u0259 q\u0259d\u0259r silinm\u0259yib.<\/p>\n<p><a href=\"https:\/\/az.wikipedia.org\/wiki\/1998\">1998<\/a>-ci ild\u0259 Az\u0259rbaycanda\u00a0<a href=\"https:\/\/az.wikipedia.org\/wiki\/Az%C9%99rbaycan_Respublikas%C4%B1n%C4%B1n_Ail%C9%99,_Qad%C4%B1n_v%C9%99_U%C5%9Faq_Probleml%C9%99ri_%C3%BCzr%C9%99_D%C3%B6vl%C9%99t_Komit%C9%99si\">Qad\u0131n Probleml\u0259ri \u00fczr\u0259 D\u00f6vl\u0259t Komit\u0259si<\/a>\u00a0yarad\u0131l\u0131b.\u00a0<a href=\"https:\/\/az.wikipedia.org\/wiki\/Az%C9%99rbaycan\">Az\u0259rbaycan<\/a>\u00a0h\u0259m d\u0259\u00a0<a href=\"https:\/\/az.wikipedia.org\/wiki\/Avropa_%C5%9Euras%C4%B1\">Avropa \u015euras\u0131n<\/a>\u0131n qad\u0131nlarla ba\u011fl\u0131 b\u00fcrosunda t\u0259msil olunur,\u00a0<a href=\"https:\/\/az.wikipedia.org\/wiki\/BMT\">BMT<\/a>-nin qad\u0131n m\u0259s\u0259l\u0259l\u0259ri \u00fczr\u0259 komissiyas\u0131n\u0131n tam h\u00fcquqlu \u00fczv\u00fcd\u00fcr.\u00a0<a href=\"https:\/\/az.wikipedia.org\/wiki\/1995\">1995<\/a>-ci ild\u0259 is\u0259 Az\u0259rbaycan r\u0259smi \u015f\u0259kild\u0259 qad\u0131nlara qar\u015f\u0131 m\u00fcnasib\u0259td\u0259 ayr\u0131-se\u00e7kiliyin b\u00fct\u00fcn formalar\u0131n\u0131n aradan qald\u0131r\u0131lmas\u0131 haqq\u0131nda beyn\u0259lxalq konvensiyaya qo\u015fulub.<\/p>\n<p>H\u0259r il bayram g\u00fcn\u00fc \u0259r\u0259f\u0259sind\u0259 d\u00f6vl\u0259t ba\u015f\u00e7\u0131s\u0131 8 mart \u2013 Beyn\u0259lxalq Qad\u0131nlar g\u00fcn\u00fc m\u00fcnasib\u0259til\u0259 Az\u0259rbaycan qad\u0131nlar\u0131na t\u0259brik\u00a0\u00fcnvanlay\u0131r, Az\u0259rbaycan qad\u0131nlar\u0131n\u0131n bir qrupuna f\u0259xri adlar verir, dig\u0259r bir qrupu is\u0259 orden v\u0259 ya medallarla t\u0259ltif edir.<\/p>\n<p>8 Mart qad\u0131nlar g\u00fcn\u00fc m\u00fcnasib\u0259ti il\u0259\u00a0b\u00fct\u00fcn qad\u0131nlar\u0131\u00a0t\u0259brik edir\u0259m. Arzu edir\u0259m su q\u0259d\u0259r t\u0259miz, h\u0259yat q\u0259d\u0259r canl\u0131, \u00e7i\u00e7\u0259k q\u0259d\u0259r t\u0259rav\u0259tli v\u0259 g\u00f6z\u0259l qalas\u0131nlar.<\/p>\n","protected":false},"excerpt":{"rendered":"<p>Beyn\u0259lxalq Qad\u0131nlar G\u00fcn\u00fc\u00a0\u2014 H\u0259r il\u00a08 mart\u00a0tarixind\u0259 qeyd olunan Beyn\u0259lxalq \u0130\u015f\u00e7i Qad\u0131nlar G\u00fcn\u00fc olaraq da tan\u0131nan qad\u0131nlar\u0131n iqtisadi, ictimai v\u0259 siyasi m\u00fcbariz\u0259sini, habel\u0259 \u00fcmumi olaraq qad\u0131nlara qar\u015f\u0131 n\u0259zak\u0259t, sevgi v\u0259 m\u0259h\u0259bb\u0259ti t\u0259r\u0259nn\u00fcm\u00fcn\u00fc \u0259n\u0259n\u0259vi hala g\u0259tirmi\u015f bayram. 8 mart\u00a0postsovetrespublikalar\u0131nda, habel\u0259\u00a0Anqola,\u00a0Burkina-Faso,\u00a0Qvineya-Bisau,\u00a0Kamboca,\u00a0\u00c7in,\u00a0Konqo,\u00a0Laos,\u00a0Makedoniya Respublikas\u0131,\u00a0Monqolustan,\u00a0Nepal,\u00a0\u015eimali Koreya\u00a0v\u0259\u00a0Uqandada\u00a0qeyri-i\u015f g\u00fcn\u00fc say\u0131l\u0131r.\u00a0BMTd\u0259 8 mart\u0131 beyn\u0259lxalq qad\u0131nlar g\u00fcn\u00fc kimi tan\u0131y\u0131b. 8 Mart\u00a0Sovet \u0130ttifaq\u0131ndan\u00a0qalma bayram olsa da,\u00a0Az\u0259rbaycanda\u00a0indiy\u0259d\u0259k<\/p>\n<p><a href=\"https:\/\/pedf.gdu.edu.az\/?p=3436\" class=\"more-link themebutton\">Daha \u0259trafl\u0131 <\/a><\/p>\n","protected":false},"author":4,"featured_media":3438,"comment_status":"open","ping_status":"open","sticky":false,"template":"","format":"standard","meta":{"footnotes":""},"categories":[1],"tags":[],"class_list":["post-3436","post","type-post","status-publish","format-standard","has-post-thumbnail","hentry","category-sas"],"_links":{"self":[{"href":"https:\/\/pedf.gdu.edu.az\/index.php?rest_route=\/wp\/v2\/posts\/3436","targetHints":{"allow":["GET"]}}],"collection":[{"href":"https:\/\/pedf.gdu.edu.az\/index.php?rest_route=\/wp\/v2\/posts"}],"about":[{"href":"https:\/\/pedf.gdu.edu.az\/index.php?rest_route=\/wp\/v2\/types\/post"}],"author":[{"embeddable":true,"href":"https:\/\/pedf.gdu.edu.az\/index.php?rest_route=\/wp\/v2\/users\/4"}],"replies":[{"embeddable":true,"href":"https:\/\/pedf.gdu.edu.az\/index.php?rest_route=%2Fwp%2Fv2%2Fcomments&post=3436"}],"version-history":[{"count":1,"href":"https:\/\/pedf.gdu.edu.az\/index.php?rest_route=\/wp\/v2\/posts\/3436\/revisions"}],"predecessor-version":[{"id":3439,"href":"https:\/\/pedf.gdu.edu.az\/index.php?rest_route=\/wp\/v2\/posts\/3436\/revisions\/3439"}],"wp:featuredmedia":[{"embeddable":true,"href":"https:\/\/pedf.gdu.edu.az\/index.php?rest_route=\/wp\/v2\/media\/3438"}],"wp:attachment":[{"href":"https:\/\/pedf.gdu.edu.az\/index.php?rest_route=%2Fwp%2Fv2%2Fmedia&parent=3436"}],"wp:term":[{"taxonomy":"category","embeddable":true,"href":"https:\/\/pedf.gdu.edu.az\/index.php?rest_route=%2Fwp%2Fv2%2Fcategories&post=3436"},{"taxonomy":"post_tag","embeddable":true,"href":"https:\/\/pedf.gdu.edu.az\/index.php?rest_route=%2Fwp%2Fv2%2Ftags&post=3436"}],"curies":[{"name":"wp","href":"https:\/\/api.w.org\/{rel}","templated":true}]}}