{"id":2200,"date":"2017-03-06T10:52:50","date_gmt":"2017-03-06T08:52:50","guid":{"rendered":"http:\/\/pf.gdu.edu.az\/?p=2200"},"modified":"2017-03-14T10:59:38","modified_gmt":"2017-03-14T08:59:38","slug":"t%c9%99brikl%c9%99r-2","status":"publish","type":"post","link":"https:\/\/pedf.gdu.edu.az\/?p=2200","title":{"rendered":"T\u0259brikl\u0259r!"},"content":{"rendered":"<p><img loading=\"lazy\" decoding=\"async\" class=\"size-medium wp-image-2201 aligncenter\" src=\"http:\/\/pf.gdu.edu.az\/wp-content\/uploads\/2017\/03\/DSC_7521-700x500-300x214.jpg\" alt=\"DSC_7521-700x500\" width=\"300\" height=\"214\" srcset=\"https:\/\/pedf.gdu.edu.az\/wp-content\/uploads\/2017\/03\/DSC_7521-700x500-300x214.jpg 300w, https:\/\/pedf.gdu.edu.az\/wp-content\/uploads\/2017\/03\/DSC_7521-700x500.jpg 700w\" sizes=\"auto, (max-width: 300px) 100vw, 300px\" \/>06 mart 2017-ci il tarixd\u0259 G\u0259nc\u0259 D\u00f6vl\u0259t Universitetind\u0259 \u201c8 Mart Beyn\u0259lxalq Qad\u0131nlar g\u00fcn\u00fc\u201d m\u00fcnasib\u0259ti il\u0259\u00a0 t\u0259dbir ke\u00e7irildi. T\u0259dbiri giri\u015f s\u00f6z\u00fc il\u0259 Humanitar m\u0259s\u0259sl\u0259l\u0259r \u00fczr\u0259 prorektor, dosent G\u00fcls\u00fcm F\u0259t\u0259liyeva a\u00e7araq, Az\u0259rbaycan qad\u0131n\u0131n\u0131n \u00f6z z\u0259kas\u0131, m\u00fcdrikliyi, s\u0259daq\u0259ti, q\u0259hr\u0259manl\u0131\u011f\u0131, v\u0259fas\u0131, y\u00fcks\u0259k anal\u0131q keyfiyy\u0259ti il\u0259 h\u0259r zaman xalq\u0131m\u0131z\u0131n ad\u0131n\u0131 uca tutdu\u011funu, D\u00fcnya m\u0259d\u0259niyy\u0259ti x\u0259zin\u0259sin\u0259 nadir incil\u0259r b\u0259x\u015f etmi\u015f xalq\u0131m\u0131z\u0131n m\u0259n\u0259vi d\u0259y\u0259rl\u0259rinin formala\u015fmas\u0131nda v\u0259 inki\u015faf\u0131nda qad\u0131nlar\u0131m\u0131z\u0131n b\u00f6y\u00fck rolu oldu\u011funu, eyni zamanda, Az\u0259rbaycan qad\u0131nlar\u0131n\u0131n tariximizin b\u00fct\u00fcn d\u00f6vrl\u0259rind\u0259 xalq\u0131m\u0131z\u0131n taley\u00fckl\u00fc m\u0259s\u0259l\u0259l\u0259rinin h\u0259ll edilm\u0259sin\u0259 \u00f6z sanball\u0131 t\u00f6hf\u0259l\u0259rini verdiyini bildirdi.<\/p>\n<p>\u201c8 Mart Beyn\u0259lxalq Qad\u0131nlar g\u00fcn\u00fc\u201d m\u00fcnasib\u0259ti il\u0259 Azad H\u0259mkarlar \u0130ttifaq\u0131 Komit\u0259sinin s\u0259dri Afaq Qas\u0131mova v\u0259 prorektor dosent G\u00fcls\u00fcm F\u0259t\u0259liyevan\u0131n m\u00fcraci\u0259ti \u0259sas\u0131nda rektor professor Yusif Yusibovun g\u00f6st\u0259ri\u015fi il\u0259 universitetin qad\u0131n \u0259m\u0259kda\u015flar\u0131 \u201cF\u0259xri f\u0259rman\u201d , \u201cT\u0259\u015f\u0259kk\u00fcr\u201d v\u0259 pul m\u00fckafat\u0131 il\u0259 m\u00fckafaland\u0131r\u0131laraq t\u0259brik edildi.<\/p>\n<p>T\u0259hsilin pedaqogikas\u0131 v\u0259 metodikas\u0131 kafedras\u0131n\u0131n ba\u015f m\u00fc\u0259llimi, p.f.d \u00a0Kaz\u0131mova G\u00fcnay \u00a0\u018fm\u0259kd\u0259,t\u0259hsild\u0259 v\u0259 ictimai f\u0259aliyy\u0259td\u0259 x\u00fcsusi nailiyy\u0259tl\u0259r\u0259 g\u00f6r\u0259 &#8220;\u0130LIN PE\u015e\u018fKAR G\u018fNC\u0130&#8221; musabiqesinin qalibi se\u00e7ildi.<a href=\"http:\/\/pf.gdu.edu.az\/wp-content\/uploads\/2017\/03\/DSC_7521-700x500.jpg\" data-rel=\"lightbox-image-0\" data-rl_title=\"\" data-rl_caption=\"\" title=\"\"><br \/>\n<\/a><\/p>\n","protected":false},"excerpt":{"rendered":"<p>06 mart 2017-ci il tarixd\u0259 G\u0259nc\u0259 D\u00f6vl\u0259t Universitetind\u0259 \u201c8 Mart Beyn\u0259lxalq Qad\u0131nlar g\u00fcn\u00fc\u201d m\u00fcnasib\u0259ti il\u0259\u00a0 t\u0259dbir ke\u00e7irildi. T\u0259dbiri giri\u015f s\u00f6z\u00fc il\u0259 Humanitar m\u0259s\u0259sl\u0259l\u0259r \u00fczr\u0259 prorektor, dosent G\u00fcls\u00fcm F\u0259t\u0259liyeva a\u00e7araq, Az\u0259rbaycan qad\u0131n\u0131n\u0131n \u00f6z z\u0259kas\u0131, m\u00fcdrikliyi, s\u0259daq\u0259ti, q\u0259hr\u0259manl\u0131\u011f\u0131, v\u0259fas\u0131, y\u00fcks\u0259k anal\u0131q keyfiyy\u0259ti il\u0259 h\u0259r zaman xalq\u0131m\u0131z\u0131n ad\u0131n\u0131 uca tutdu\u011funu, D\u00fcnya m\u0259d\u0259niyy\u0259ti x\u0259zin\u0259sin\u0259 nadir incil\u0259r b\u0259x\u015f etmi\u015f xalq\u0131m\u0131z\u0131n<\/p>\n<p><a href=\"https:\/\/pedf.gdu.edu.az\/?p=2200\" class=\"more-link themebutton\">Daha \u0259trafl\u0131 <\/a><\/p>\n","protected":false},"author":4,"featured_media":2201,"comment_status":"open","ping_status":"open","sticky":false,"template":"","format":"standard","meta":{"footnotes":""},"categories":[1],"tags":[],"class_list":["post-2200","post","type-post","status-publish","format-standard","has-post-thumbnail","hentry","category-sas"],"_links":{"self":[{"href":"https:\/\/pedf.gdu.edu.az\/index.php?rest_route=\/wp\/v2\/posts\/2200","targetHints":{"allow":["GET"]}}],"collection":[{"href":"https:\/\/pedf.gdu.edu.az\/index.php?rest_route=\/wp\/v2\/posts"}],"about":[{"href":"https:\/\/pedf.gdu.edu.az\/index.php?rest_route=\/wp\/v2\/types\/post"}],"author":[{"embeddable":true,"href":"https:\/\/pedf.gdu.edu.az\/index.php?rest_route=\/wp\/v2\/users\/4"}],"replies":[{"embeddable":true,"href":"https:\/\/pedf.gdu.edu.az\/index.php?rest_route=%2Fwp%2Fv2%2Fcomments&post=2200"}],"version-history":[{"count":1,"href":"https:\/\/pedf.gdu.edu.az\/index.php?rest_route=\/wp\/v2\/posts\/2200\/revisions"}],"predecessor-version":[{"id":2202,"href":"https:\/\/pedf.gdu.edu.az\/index.php?rest_route=\/wp\/v2\/posts\/2200\/revisions\/2202"}],"wp:featuredmedia":[{"embeddable":true,"href":"https:\/\/pedf.gdu.edu.az\/index.php?rest_route=\/wp\/v2\/media\/2201"}],"wp:attachment":[{"href":"https:\/\/pedf.gdu.edu.az\/index.php?rest_route=%2Fwp%2Fv2%2Fmedia&parent=2200"}],"wp:term":[{"taxonomy":"category","embeddable":true,"href":"https:\/\/pedf.gdu.edu.az\/index.php?rest_route=%2Fwp%2Fv2%2Fcategories&post=2200"},{"taxonomy":"post_tag","embeddable":true,"href":"https:\/\/pedf.gdu.edu.az\/index.php?rest_route=%2Fwp%2Fv2%2Ftags&post=2200"}],"curies":[{"name":"wp","href":"https:\/\/api.w.org\/{rel}","templated":true}]}}