{"id":2125,"date":"2017-03-13T12:25:40","date_gmt":"2017-03-13T10:25:40","guid":{"rendered":"http:\/\/pf.gdu.edu.az\/?p=2125"},"modified":"2017-03-14T10:46:31","modified_gmt":"2017-03-14T08:46:31","slug":"azad-h%c9%99mkarlar-ittifaqi-t%c9%99skilatinin-s%c9%99dri-alvina-davud-qizi-babayevanin-hesabat-secki-icloasi-kecirildi","status":"publish","type":"post","link":"https:\/\/pedf.gdu.edu.az\/?p=2125","title":{"rendered":"Azad h\u0259mkarlar  ittifaq\u0131 t\u0259\u015fkilat\u0131n\u0131n s\u0259dri Alvina Davud q\u0131z\u0131 Babayevan\u0131n HESABAT- SE\u00c7K\u0130 \u0130CLASI KE\u00c7\u0130R\u0130LD\u0130."},"content":{"rendered":"<div id=\"metaslider-id-2127\" style=\"max-width: 600px;\" class=\"ml-slider-3-106-0 metaslider metaslider-nivo metaslider-2127 ml-slider has-dots-nav ms-theme-default\" role=\"region\" aria-label=\"Hesabat\" data-height=\"400\" data-width=\"600\">\n    <div id=\"metaslider_container_2127\">\n        <div class='slider-wrapper theme-default'><div class='ribbon'><\/div><div id='metaslider_2127' class='nivoSlider'><img loading=\"lazy\" decoding=\"async\" src=\"https:\/\/pedf.gdu.edu.az\/wp-content\/uploads\/2017\/03\/20170313_115225.jpg\" height=\"400\" width=\"600\" alt=\"\" class=\"slider-2127 slide-2179 msDefaultImage\" \/><img loading=\"lazy\" decoding=\"async\" src=\"https:\/\/pedf.gdu.edu.az\/wp-content\/uploads\/2017\/03\/20170313_115246.jpg\" height=\"400\" width=\"600\" alt=\"\" class=\"slider-2127 slide-2180 msDefaultImage\" \/><img loading=\"lazy\" decoding=\"async\" src=\"https:\/\/pedf.gdu.edu.az\/wp-content\/uploads\/2017\/03\/IMG_20170313_111555.jpg\" height=\"400\" width=\"600\" alt=\"\" class=\"slider-2127 slide-2174 msDefaultImage\" \/><img loading=\"lazy\" decoding=\"async\" src=\"https:\/\/pedf.gdu.edu.az\/wp-content\/uploads\/2017\/03\/IMG_20170313_111503.jpg\" height=\"400\" width=\"600\" alt=\"\" class=\"slider-2127 slide-2173 msDefaultImage\" \/><img loading=\"lazy\" decoding=\"async\" src=\"https:\/\/pedf.gdu.edu.az\/wp-content\/uploads\/2017\/03\/20170313_115625.jpg\" height=\"400\" width=\"600\" alt=\"\" class=\"slider-2127 slide-2162 msDefaultImage\" \/><img loading=\"lazy\" decoding=\"async\" src=\"https:\/\/pedf.gdu.edu.az\/wp-content\/uploads\/2017\/03\/20170313_120037.jpg\" height=\"400\" width=\"600\" alt=\"\" class=\"slider-2127 slide-2166 msDefaultImage\" \/><\/div><\/div>\n        \n    <\/div>\n<\/div>\n<p>G\u0259nc\u0259 D\u00f6vl\u0259t Universitetinin Pedaqoji \u00a0fak\u00fclt\u0259sind\u0259 \u00a013 mart\u00a0 2017-ci il tarixind\u0259 GDU- nun II korpusunun akt zal\u0131nda &#8220;Azad h\u0259mkarlar ittifaq\u0131 t\u0259\u015fkilat\u0131n\u0131n hesabat iclas\u0131 ke\u00e7irildi. \u0130clasda \u00a0Pedaqoji fak\u00fclt\u0259nin 121 n\u0259f\u0259r Professor-m\u00fc\u0259llim v\u0259 t\u0259dris k\u00f6m\u0259k\u00e7i heyy\u0259ti i\u015ftirak etdi. \u0130clasda G\u0259nc\u0259 D\u00f6vl\u0259t Universitetinin Azad H\u0259mk\u0259rlar \u0130ttifaq\u0131 Komit\u0259sinin s\u0259dr m\u00fcavini \u00a0Allahverdi \u0130sg\u0259nd\u0259r o\u011flu Quliyev \u0130clas\u0131 a\u00e7\u0131q elan etdi.\u00a0 H\u0259mkarlar \u0130ttifaq\u0131 T\u0259\u015fkilat\u0131n\u0131n s\u0259dri A.D. Babayeva\u00a0\u00e7\u0131x\u0131\u015f ed\u0259r\u0259k 12\u00a0fevral 2015-ci il tarixd\u0259n 13 mart\u00a02017-ci il tarix\u0259 kimi \u0259hat\u0259 ed\u0259n\u00a0 hesabat\u0131nda bildirdi ki, Az\u0259rbaycan Respublikas\u0131 Prezidentinin m\u00fcxt\u0259lif tarixli s\u0259r\u0259ncam v\u0259 f\u0259rmanlar\u0131 il\u0259 t\u0259sdiql\u0259nmi\u015f t\u0259hsil sah\u0259sind\u0259 geni\u015f islahat proqram\u0131ndan ir\u0259li g\u0259l\u0259n m\u0259s\u0259l\u0259l\u0259rin h\u0259lli, o c\u00fcml\u0259d\u0259n t\u0259drisin idar\u0259 olunmas\u0131nda yeni prinsipl\u0259rin b\u0259rq\u0259rar olmas\u0131, t\u0259hsilin d\u00fcnya standartlar\u0131na uy\u011funla\u015fd\u0131r\u0131lmas\u0131, onun m\u0259zmununda k\u00f6kl\u00fc keyfiyy\u0259t d\u0259yi\u015fiklikl\u0259rinin apar\u0131lmas\u0131 t\u0259hsil sisteminin t\u0259kmill\u0259\u015fdirilm\u0259sini bir v\u0259zif\u0259 olaraq qar\u015f\u0131ya qoyulur. Bu tarixi s\u0259r\u0259ncam v\u0259 f\u0259rmanlar Az\u0259rbaycan v\u0259t\u0259nda\u015flar\u0131n\u0131n t\u0259hsil h\u00fcququnu tam t\u0259min etm\u0259k, milli t\u0259hsil konsepsiyas\u0131n\u0131n m\u00fcdd\u0259alar\u0131n\u0131 g\u00fccl\u0259ndirm\u0259k, t\u0259hsil sistemind\u0259 apar\u0131lan islahatlar\u0131 s\u00fcr\u0259tl\u0259ndirm\u0259k, idar\u0259etm\u0259 mexanizmini t\u0259kmill\u0259\u015fdirm\u0259k, pedaqoji kadrlar\u0131n m\u00fcasir t\u0259l\u0259bl\u0259r s\u0259viyy\u0259sind\u0259 haz\u0131rlanmas\u0131n\u0131 v\u0259 yenid\u0259n haz\u0131rlanmas\u0131n\u0131 t\u0259min etm\u0259k, t\u0259hsild\u0259 maddi-texniki bazadan v\u0259 kadr potensiallar\u0131ndan istifad\u0259nin s\u0259m\u0259r\u0259liliyini art\u0131rmaq m\u0259qs\u0259dl\u0259rini qar\u015f\u0131ya qoyur. 2015-ci il fevral ay\u0131n\u0131n 12-d\u0259 t\u0259\u015fkilat\u0131n hesabat-se\u00e7ki iclas\u0131nda hey\u0259t \u00fczv\u00fc se\u00e7ilmi\u015fdir. T\u0259\u015fkilat\u0131n idar\u0259 hey\u0259ti fak\u00fclt\u0259d\u0259 f\u0259aliyy\u0259t g\u00f6st\u0259r\u0259n b\u00fct\u00fcn kafedralar\u0131n h\u0259r birind\u0259n n\u00fcmay\u0259nd\u0259 olmaqla 7 n\u0259f\u0259rd\u0259n ibar\u0259t olmu\u015fdur. Pedaqoji \u00a0fak\u00fclt\u0259 dekanl\u0131q v\u0259 alt\u0131 ixtisas kafedralar\u0131ndan\u00a0 ibar\u0259tdir. Haz\u0131rda qeyd olunan b\u00f6lm\u0259l\u0259rd\u0259 t\u0259\u015fkilat\u0131n 168 \u00fczv\u00fc (109 n\u0259f\u0259r professor-m\u00fc\u0259llim v\u0259 59 n\u0259f\u0259r t\u0259dris-k\u00f6m\u0259k\u00e7i hey\u0259ti) f\u0259aliyy\u0259t g\u00f6st\u0259rir. \u00a0\u0130clasda \u00e7\u0131x\u0131\u015f ed\u0259nl\u0259r ( prof. \u018f. H. M\u0259mm\u0259dov, dos. Z. S. Cavadova, dos. Z.M. Aslanova, dos. K. H. Hac\u0131yeva ) hesabat\u0131 b\u0259y\u0259ndil\u0259r v\u0259 q\u0259na\u0259tb\u0259x\u015f hesab etdil\u0259r. \u00a0G\u0259nc\u0259 D\u00f6vl\u0259t Universitetinin Pedaqoji fakult\u0259sinin professor-m\u00fc\u0259llim v\u0259 t\u0259drisk\u00f6m\u0259k\u00e7i heyy\u0259tinin 13. 03.2017 -ci il tarixli \u00fcmumi\u00a0 iclas\u0131nda namiz\u0259dliyi ir\u0259li s\u00fcr\u00fclm\u00fc\u015f a\u015fa\u011f\u0131da adlar\u0131 qeyd olunanlar Pedaqoji \u00a0fakult\u0259sinin H\u0259mk\u0259rlar T\u0259\u015fkilat\u0131n\u0131n yeni heyy\u0259tin\u0259 \u00fczv se\u00e7ildil\u0259r:\u00a0dos. K.H. Hac\u0131yeva, b.m. L.A. H\u0259s\u0259nova, b.m. \u015e.X. Qazaxova, \u00a0b.m. M.\u015e. Hac\u0131yeva, kabin\u0259 m\u00fcdiri A.F. H\u0259s\u0259nova, b.lab. L.F.\u0130manquliyeva. S\u0259sver\u0259nl\u0259rin 100 % \u2013 s\u0259sini toplad\u0131\u011f\u0131na g\u00f6r\u0259 Psixologiya kafedras\u0131n\u0131n ba\u015f m\u00fc\u0259llimi Alvina Davud\u00a0q\u0131z\u0131 Babayeva\u00a0Pedaqoji\u00a0\u00a0fakult\u0259sinin Azad h\u0259mk\u0259rlar ittifaq\u0131 \u00a0t\u0259\u015fkilat\u0131n\u0131n s\u0259dri v\u0259zif\u0259sin\u0259 se\u00e7ildi.<\/p>\n","protected":false},"excerpt":{"rendered":"<p>G\u0259nc\u0259 D\u00f6vl\u0259t Universitetinin Pedaqoji \u00a0fak\u00fclt\u0259sind\u0259 \u00a013 mart\u00a0 2017-ci il tarixind\u0259 GDU- nun II korpusunun akt zal\u0131nda &#8220;Azad h\u0259mkarlar ittifaq\u0131 t\u0259\u015fkilat\u0131n\u0131n hesabat iclas\u0131 ke\u00e7irildi. \u0130clasda \u00a0Pedaqoji fak\u00fclt\u0259nin 121 n\u0259f\u0259r Professor-m\u00fc\u0259llim v\u0259 t\u0259dris k\u00f6m\u0259k\u00e7i heyy\u0259ti i\u015ftirak etdi. \u0130clasda G\u0259nc\u0259 D\u00f6vl\u0259t Universitetinin Azad H\u0259mk\u0259rlar \u0130ttifaq\u0131 Komit\u0259sinin s\u0259dr m\u00fcavini \u00a0Allahverdi \u0130sg\u0259nd\u0259r o\u011flu Quliyev \u0130clas\u0131 a\u00e7\u0131q elan etdi.\u00a0 H\u0259mkarlar \u0130ttifaq\u0131<\/p>\n<p><a href=\"https:\/\/pedf.gdu.edu.az\/?p=2125\" class=\"more-link themebutton\">Daha \u0259trafl\u0131 <\/a><\/p>\n","protected":false},"author":4,"featured_media":2179,"comment_status":"open","ping_status":"open","sticky":false,"template":"","format":"standard","meta":{"footnotes":""},"categories":[1],"tags":[],"class_list":["post-2125","post","type-post","status-publish","format-standard","has-post-thumbnail","hentry","category-sas"],"_links":{"self":[{"href":"https:\/\/pedf.gdu.edu.az\/index.php?rest_route=\/wp\/v2\/posts\/2125","targetHints":{"allow":["GET"]}}],"collection":[{"href":"https:\/\/pedf.gdu.edu.az\/index.php?rest_route=\/wp\/v2\/posts"}],"about":[{"href":"https:\/\/pedf.gdu.edu.az\/index.php?rest_route=\/wp\/v2\/types\/post"}],"author":[{"embeddable":true,"href":"https:\/\/pedf.gdu.edu.az\/index.php?rest_route=\/wp\/v2\/users\/4"}],"replies":[{"embeddable":true,"href":"https:\/\/pedf.gdu.edu.az\/index.php?rest_route=%2Fwp%2Fv2%2Fcomments&post=2125"}],"version-history":[{"count":3,"href":"https:\/\/pedf.gdu.edu.az\/index.php?rest_route=\/wp\/v2\/posts\/2125\/revisions"}],"predecessor-version":[{"id":2194,"href":"https:\/\/pedf.gdu.edu.az\/index.php?rest_route=\/wp\/v2\/posts\/2125\/revisions\/2194"}],"wp:featuredmedia":[{"embeddable":true,"href":"https:\/\/pedf.gdu.edu.az\/index.php?rest_route=\/wp\/v2\/media\/2179"}],"wp:attachment":[{"href":"https:\/\/pedf.gdu.edu.az\/index.php?rest_route=%2Fwp%2Fv2%2Fmedia&parent=2125"}],"wp:term":[{"taxonomy":"category","embeddable":true,"href":"https:\/\/pedf.gdu.edu.az\/index.php?rest_route=%2Fwp%2Fv2%2Fcategories&post=2125"},{"taxonomy":"post_tag","embeddable":true,"href":"https:\/\/pedf.gdu.edu.az\/index.php?rest_route=%2Fwp%2Fv2%2Ftags&post=2125"}],"curies":[{"name":"wp","href":"https:\/\/api.w.org\/{rel}","templated":true}]}}