{"id":2024,"date":"2016-12-23T09:42:19","date_gmt":"2016-12-23T07:42:19","guid":{"rendered":"http:\/\/pf.gdu.edu.az\/?p=2024"},"modified":"2016-12-26T09:55:21","modified_gmt":"2016-12-26T07:55:21","slug":"t%c9%99hsilin-pedaqogika-v%c9%99-metodikasi-kafedrasinin-p-u-f-dbm-gunay-kazimova-mdu-da-elmi-konfransda-istirak-etmisdir","status":"publish","type":"post","link":"https:\/\/pedf.gdu.edu.az\/?p=2024","title":{"rendered":"T\u0259hsilin pedaqogika v\u0259 metodikas\u0131 kafedras\u0131n\u0131n p.\u00fc.f.d,b\/m. G\u00fcnay Kaz\u0131mova MDU-da elmi konfransda i\u015ftirak etmi\u015fdir."},"content":{"rendered":"<div id=\"metaslider-id-2033\" style=\"max-width: 600px;\" class=\"ml-slider-3-106-0 metaslider metaslider-nivo metaslider-2033 ml-slider has-dots-nav ms-theme-default\" role=\"region\" aria-label=\"qloballa\u015fma\" data-height=\"400\" data-width=\"600\">\n    <div id=\"metaslider_container_2033\">\n        <div class='slider-wrapper theme-default'><div class='ribbon'><\/div><div id='metaslider_2033' class='nivoSlider'><img loading=\"lazy\" decoding=\"async\" src=\"https:\/\/pedf.gdu.edu.az\/wp-content\/uploads\/2016\/12\/15696229_1207640039312274_87883416_o.jpg\" height=\"400\" width=\"600\" alt=\"\" class=\"slider-2033 slide-2027 msDefaultImage\" \/><img loading=\"lazy\" decoding=\"async\" src=\"https:\/\/pedf.gdu.edu.az\/wp-content\/uploads\/2016\/12\/15726032_1207641442645467_1376663198_o.jpg\" height=\"400\" width=\"600\" alt=\"\" class=\"slider-2033 slide-2031 msDefaultImage\" \/><img loading=\"lazy\" decoding=\"async\" src=\"https:\/\/pedf.gdu.edu.az\/wp-content\/uploads\/2016\/12\/15725550_1207640379312240_43287533_o.jpg\" height=\"400\" width=\"600\" alt=\"\" class=\"slider-2033 slide-2029 msDefaultImage\" \/><img loading=\"lazy\" decoding=\"async\" src=\"https:\/\/pedf.gdu.edu.az\/wp-content\/uploads\/2016\/12\/15725990_1207641522645459_220011097_o.jpg\" height=\"400\" width=\"600\" alt=\"\" class=\"slider-2033 slide-2030 msDefaultImage\" \/><img loading=\"lazy\" decoding=\"async\" src=\"https:\/\/pedf.gdu.edu.az\/wp-content\/uploads\/2016\/12\/15697078_1207641165978828_2027142712_o.jpg\" height=\"400\" width=\"600\" alt=\"\" class=\"slider-2033 slide-2028 msDefaultImage\" \/><img loading=\"lazy\" decoding=\"async\" src=\"https:\/\/pedf.gdu.edu.az\/wp-content\/uploads\/2016\/12\/15696225_1207641509312127_1561766462_o.jpg\" height=\"400\" width=\"600\" alt=\"\" class=\"slider-2033 slide-2026 msDefaultImage\" \/><img loading=\"lazy\" decoding=\"async\" src=\"https:\/\/pedf.gdu.edu.az\/wp-content\/uploads\/2016\/12\/15682306_1207640659312212_30868632_o.jpg\" height=\"400\" width=\"600\" alt=\"\" class=\"slider-2033 slide-2025 msDefaultImage\" \/><\/div><\/div>\n        \n    <\/div>\n<\/div>\n<p>Ming\u0259\u00e7evir D\u00f6vl\u0259t Universitetind\u0259 \u201cQloballa\u015fma v\u0259 regional inteqrasiya\u201d m\u00f6vzusunda Respublika elmi konfrans\u0131 ke\u00e7irilib.\u00a0Konfransda Ming\u0259\u00e7evir \u015f\u0259h\u0259r \u0130cra Hakimiyy\u0259ti ba\u015f\u00e7\u0131s\u0131n\u0131n birinci m\u00fcavini, s.f.d. \u0130lham \u0130smay\u0131lov, respublikan\u0131n bir s\u0131ra ali t\u0259hsil m\u00fc\u0259ssis\u0259l\u0259rinin professor-m\u00fc\u0259llim heyy\u0259ti, doktorant, dissertant, elmi-t\u0259dqiqat m\u00fc\u0259ssis\u0259l\u0259rinin elmi i\u015f\u00e7il\u0259ri i\u015ftirak edibl\u0259r.<\/p>\n<p>\u0130lk \u00f6nc\u0259 Az\u0259rbaycan Respublikas\u0131n\u0131n D\u00f6vl\u0259t Himni s\u0259sl\u0259ndirilib.<\/p>\n<p>Sonra giri\u015f s\u00f6z\u00fcl\u0259 \u00e7\u0131x\u0131\u015f ed\u0259n Ming\u0259\u00e7evir D\u00f6vl\u0259t Universitetinin rektoru Akif\u00a0 Hac\u0131yev qeyd edib ki, m\u00fcasir d\u00fcnya siyas\u0259tind\u0259 bir \u00e7ox inki\u015faf prosesl\u0259ri v\u0259 meyll\u0259ri m\u00fc\u015fahid\u0259 olunur. Buna baxmayaraq, onlar aras\u0131nda bir \u00fc\u00e7l\u00fcy\u00fc \u2013 qloballa\u015fma, inteqrasiya, demokratikl\u0259\u015fm\u0259ni x\u00fcsusi olaraq qeyd edirl\u0259r. Bu g\u00fcnk\u00fc konfrans\u0131n ke\u00e7irilm\u0259sind\u0259 m\u0259qs\u0259d d\u0259 m\u0259hz, bu m\u00f6vzunun ayr\u0131-ayr\u0131 aspektl\u0259rinin elmi-konseptual n\u00f6qteyi-n\u0259z\u0259rd\u0259n \u00f6yr\u0259nilm\u0259sini v\u0259 t\u0259dqiqini t\u0259min etm\u0259kd\u0259n ibar\u0259tdir. D\u00fc\u015f\u00fcn\u00fcr\u0259m ki, konfrans\u0131n h\u0259m plenar, h\u0259m d\u0259 b\u00f6lm\u0259 iclaslar\u0131 i\u015fg\u00fczar \u015f\u0259raitd\u0259 ke\u00e7iril\u0259c\u0259k v\u0259 \u00e7ox maraql\u0131, m\u0259zmunlu\u00a0 m\u0259ruz\u0259 v\u0259 \u00e7\u0131x\u0131\u015flar\u0131 dinl\u0259y\u0259c\u0259yik.<\/p>\n<p>Sonra konfrans\u0131n plenar iclas\u0131nda m\u0259ruz\u0259l\u0259r dinl\u0259nilmi\u015fdir. Ming\u0259\u00e7evir D\u00f6vl\u0259t Universitetinin Elmi i\u015fl\u0259r \u00fczr\u0259 prorektoru, i.e.d., prof. Veys\u0259l \u018fyyubov \u201cQloballa\u015fma \u015f\u0259raitind\u0259 Az\u0259rbaycan Avropa v\u0259 regionun enerji t\u0259hl\u00fck\u0259siz-liyinin t\u0259minat\u00e7\u0131s\u0131 kimi\u201d; Ming\u0259\u00e7evir D\u00f6vl\u0259t Universitetinin M\u00fch\u0259ndislik fak\u00fclt\u0259sinin dekan\u0131 tex.f.d., dos. V\u00fcqar Mustafayev \u201cQloballa\u015fma d\u00f6vr\u00fcnd\u0259 Az\u0259rbaycan s\u0259nayesinin inki\u015faf\u0131 v\u0259 regional inteqrasiya perspektivl\u0259ri\u201d; Ming\u0259\u00e7evir D\u00f6vl\u0259t Universitetinin Humanitar f\u0259nl\u0259r kafedras\u0131n\u0131n m\u00fcdiri s.f.d., dos. Esmira C\u0259f\u0259rova \u201cQloballa\u015fma v\u0259 humanitar inteqrasiya\u201d; Ming\u0259\u00e7evir D\u00f6vl\u0259t Universitetinin \u0130nformasiya texnologiyalar\u0131 v\u0259 sisteml\u0259ri kafedras\u0131n\u0131n ba\u015f m\u00fc\u0259llimi, tex.f.d. M\u00f6h\u00fcbb\u0259t \u018fhm\u0259dov \u201c\u0130nnovativ informasiya-kommunikasiya texnologiyalar\u0131 layih\u0259l\u0259ri qloballa\u015fma v\u0259 regional inteqrasiya kontekstind\u0259\u201d m\u00f6vzular\u0131nda \u00e7\u0131x\u0131\u015f etmi\u015fl\u0259r.<\/p>\n<p>B\u00f6lm\u0259 iclas\u0131nda universitetimizin \u0259m\u0259kda\u015flar\u0131 T\u0259hsilin pedaqogika v\u0259 metodikas\u0131 kafedras\u0131n\u0131n p.\u00fc.f.d,ba\u015f m\u00fc\u0259llim G\u00fcnay Kaz\u0131mova v\u0259 Az\u0259rbaycan dilinin t\u0259drisi kafedras\u0131n\u0131n ba\u015f m\u00fc\u0259llimi,dissertant Ayt\u0259n \u018fhm\u0259dova i\u015ftirak etmi\u015fl\u0259r.Ayt\u0259n \u018fhm\u0259dova\u201dT\u0259hsild\u0259 \u0130KT-d\u0259n istifad\u0259 v\u0259 d\u00fcnyaya inteqrasiya\u201d,G\u00fcnay Kaz\u0131mova is\u0259 \u201cAz\u0259rbaycanda multikurtural d\u0259y\u0259rl\u0259rin yeri v\u0259 rolu\u201dm\u00f6zusunda \u00e7\u0131x\u0131\u015f etmi\u015fl\u0259r.<\/p>\n<p>Sonda rektor A.Hac\u0131yev konfrans v\u0259 m\u0259ruz\u0259l\u0259r bar\u0259d\u0259 fikirl\u0259rini b\u00f6l\u00fc\u015fd\u00fc. M\u0259ruz\u0259l\u0259rin y\u00fcks\u0259k s\u0259viyy\u0259d\u0259 haz\u0131rland\u0131\u011f\u0131n\u0131 bildirdi. Konfrans\u0131n i\u015find\u0259 i\u015ftirak ed\u0259n ali t\u0259hsil m\u00fc\u0259ssis\u0259l\u0259rinin professor-m\u00fc\u0259llim heyy\u0259ti, doktorant, dissertant, elmi-t\u0259dqiqat m\u00fc\u0259ssis\u0259l\u0259rinin elmi i\u015f\u00e7il\u0259rin\u0259 t\u0259\u015f\u0259kk\u00fcr etdi. A.Hac\u0131yev bununlada, konfrans\u0131n plenar iclas\u0131n\u0131n ba\u015fa \u00e7atd\u0131\u011f\u0131n\u0131 qeyd etdi v\u0259 proqrama uy\u011fun olaraq, konfrans i\u015fini iki g\u00fcn \u0259rzind\u0259 b\u00f6lm\u0259 iclaslar\u0131\u0131nda \u00a0davam ed\u0259c\u0259yini vur\u011fulad\u0131.<\/p>\n<p>Qeyd ed\u0259k ki, konfrans Az\u0259rbaycan Respublikas\u0131 T\u0259hsil Nazirliyinin 26.02.2016-c\u0131 il tarixli 120 sayl\u0131 \u0259mri il\u0259 t\u0259sdiq edilmi\u015f \u201cAz\u0259rbaycan Respublikas\u0131 T\u0259hsil Nazirliyi sistemind\u0259 f\u0259aliyy\u0259t g\u00f6st\u0259r\u0259n ali t\u0259hsil m\u00fc\u0259ssis\u0259l\u0259rind\u0259 2016-c\u0131 ild\u0259 ke\u00e7iril\u0259c\u0259k beyn\u0259lxalq v\u0259 respublika elmi konfrans v\u0259 simpoziumlar\u0131n siyah\u0131s\u0131\u201d \u0259sas\u0131nda ke\u00e7irilib.<\/p>\n<p>&nbsp;<\/p>\n<p>&nbsp;<\/p>\n","protected":false},"excerpt":{"rendered":"<p>Ming\u0259\u00e7evir D\u00f6vl\u0259t Universitetind\u0259 \u201cQloballa\u015fma v\u0259 regional inteqrasiya\u201d m\u00f6vzusunda Respublika elmi konfrans\u0131 ke\u00e7irilib.\u00a0Konfransda Ming\u0259\u00e7evir \u015f\u0259h\u0259r \u0130cra Hakimiyy\u0259ti ba\u015f\u00e7\u0131s\u0131n\u0131n birinci m\u00fcavini, s.f.d. \u0130lham \u0130smay\u0131lov, respublikan\u0131n bir s\u0131ra ali t\u0259hsil m\u00fc\u0259ssis\u0259l\u0259rinin professor-m\u00fc\u0259llim heyy\u0259ti, doktorant, dissertant, elmi-t\u0259dqiqat m\u00fc\u0259ssis\u0259l\u0259rinin elmi i\u015f\u00e7il\u0259ri i\u015ftirak edibl\u0259r. \u0130lk \u00f6nc\u0259 Az\u0259rbaycan Respublikas\u0131n\u0131n D\u00f6vl\u0259t Himni s\u0259sl\u0259ndirilib. Sonra giri\u015f s\u00f6z\u00fcl\u0259 \u00e7\u0131x\u0131\u015f ed\u0259n Ming\u0259\u00e7evir D\u00f6vl\u0259t Universitetinin rektoru Akif\u00a0<\/p>\n<p><a href=\"https:\/\/pedf.gdu.edu.az\/?p=2024\" class=\"more-link themebutton\">Daha \u0259trafl\u0131 <\/a><\/p>\n","protected":false},"author":4,"featured_media":2027,"comment_status":"open","ping_status":"open","sticky":false,"template":"","format":"standard","meta":{"footnotes":""},"categories":[1],"tags":[],"class_list":["post-2024","post","type-post","status-publish","format-standard","has-post-thumbnail","hentry","category-sas"],"_links":{"self":[{"href":"https:\/\/pedf.gdu.edu.az\/index.php?rest_route=\/wp\/v2\/posts\/2024","targetHints":{"allow":["GET"]}}],"collection":[{"href":"https:\/\/pedf.gdu.edu.az\/index.php?rest_route=\/wp\/v2\/posts"}],"about":[{"href":"https:\/\/pedf.gdu.edu.az\/index.php?rest_route=\/wp\/v2\/types\/post"}],"author":[{"embeddable":true,"href":"https:\/\/pedf.gdu.edu.az\/index.php?rest_route=\/wp\/v2\/users\/4"}],"replies":[{"embeddable":true,"href":"https:\/\/pedf.gdu.edu.az\/index.php?rest_route=%2Fwp%2Fv2%2Fcomments&post=2024"}],"version-history":[{"count":2,"href":"https:\/\/pedf.gdu.edu.az\/index.php?rest_route=\/wp\/v2\/posts\/2024\/revisions"}],"predecessor-version":[{"id":2034,"href":"https:\/\/pedf.gdu.edu.az\/index.php?rest_route=\/wp\/v2\/posts\/2024\/revisions\/2034"}],"wp:featuredmedia":[{"embeddable":true,"href":"https:\/\/pedf.gdu.edu.az\/index.php?rest_route=\/wp\/v2\/media\/2027"}],"wp:attachment":[{"href":"https:\/\/pedf.gdu.edu.az\/index.php?rest_route=%2Fwp%2Fv2%2Fmedia&parent=2024"}],"wp:term":[{"taxonomy":"category","embeddable":true,"href":"https:\/\/pedf.gdu.edu.az\/index.php?rest_route=%2Fwp%2Fv2%2Fcategories&post=2024"},{"taxonomy":"post_tag","embeddable":true,"href":"https:\/\/pedf.gdu.edu.az\/index.php?rest_route=%2Fwp%2Fv2%2Ftags&post=2024"}],"curies":[{"name":"wp","href":"https:\/\/api.w.org\/{rel}","templated":true}]}}