{"id":12723,"date":"2026-04-28T08:07:51","date_gmt":"2026-04-28T06:07:51","guid":{"rendered":"https:\/\/pedf.gdu.edu.az\/?p=12723"},"modified":"2026-04-28T09:19:18","modified_gmt":"2026-04-28T07:19:18","slug":"28-aprel-gork%c9%99mli-oftalmoloq-alim-akademik-z%c9%99rif%c9%99-xanim-eliyevanin-dogum-gunudur","status":"publish","type":"post","link":"https:\/\/pedf.gdu.edu.az\/?p=12723","title":{"rendered":"28 aprel g\u00f6rk\u0259mli oftalmoloq-alim, akademik Z\u0259rif\u0259 xan\u0131m \u018fliyevan\u0131n do\u011fum g\u00fcn\u00fcd\u00fcr."},"content":{"rendered":"\n<p>Z\u0259rif\u0259 xan\u0131m \u018fliyeva 1923-c\u00fc il aprelin 28-d\u0259 Az\u0259rbaycan\u0131n dilb\u0259r gu\u015f\u0259si olan Nax\u00e7\u0131van Muxtar Respublikas\u0131 \u015e\u0259rur rayonunun \u015eahtaxt\u0131 k\u0259ndind\u0259 anadan olmu\u015fdur. 23-c\u00fc ilin yaz\u0131 d\u00f6vr\u00fcn\u00fcn g\u00f6rk\u0259mli d\u00f6vl\u0259t v\u0259 ictimai-siyasi xadimi, elm f\u0259daisi, b\u00f6y\u00fck \u015f\u0259xsiyy\u0259t \u018fziz M\u0259mm\u0259dk\u0259rim o\u011flu \u018fliyevin ail\u0259sind\u0259 onillikl\u0259r sonra ail\u0259nin ad\u0131n\u0131 daha da ucal\u0131qlara qald\u0131racaq, V\u0259t\u0259n\u0259 layiqli \u00f6vlad olacaq, xalq\u0131na xidm\u0259ti h\u0259r \u015feyd\u0259n \u00fcmd\u0259 bil\u0259c\u0259k parlaq bir siman\u0131n g\u0259li\u015fi il\u0259 yaddaqalan olmu\u015fdu. Atas\u0131 \u018fziz M\u0259mm\u0259dk\u0259rim o\u011flu \u018fliyev v\u0259 anas\u0131 Leyla Cabbar q\u0131z\u0131 Abbasova \u0259b\u0259di v\u0259 \u0259z\u0259li torpa\u011f\u0131m\u0131z olan \u0130r\u0259van mahal\u0131nda anadan olmu\u015flar. Az\u0259rbaycanl\u0131lara qar\u015f\u0131 \u015f\u00fcurlu sur\u0259td\u0259 h\u0259yata ke\u00e7iril\u0259n soyq\u0131r\u0131m siyas\u0259ti \u018fziz \u018fliyevi 1918-ci ild\u0259 Sankt-Peterburqdak\u0131 t\u0259hsilini yar\u0131m\u00e7\u0131q qoyub \u0130r\u0259vanda t\u0259qibl\u0259r\u0259 m\u0259ruz qalan ail\u0259sini \u015eahtaxt\u0131 k\u0259ndin\u0259 k\u00f6\u00e7\u00fcrm\u0259y\u0259 m\u0259cbur edir. M\u0259hz burada Z\u0259rif\u0259 xan\u0131m d\u00fcnyaya g\u00f6z a\u00e7\u0131r. 1923-c\u00fc ilin may ay\u0131nda \u018fziz \u018fliyev Bak\u0131ya k\u00f6\u00e7m\u0259k q\u0259rar\u0131na g\u0259lir. M\u0259qs\u0259d tamamil\u0259 ayd\u0131n idi. A\u011f\u0131r bir d\u00f6vrd\u0259 \u0130r\u0259van gimnaziyas\u0131n\u0131 q\u0131z\u0131l medalla bitir\u0259n, t\u0259hsild\u0259 b\u00f6y\u00fck u\u011fur \u0259ld\u0259 ed\u0259n \u018fziz \u018fliyev yar\u0131m\u00e7\u0131q qalm\u0131\u015f t\u0259hsilini h\u00f6km\u0259n bitirm\u0259li idi. Bak\u0131da o, universitetin tibb fak\u00fclt\u0259sini, sonra is\u0259 aspiranturan\u0131 bitir\u0259r\u0259k elml\u0259r namiz\u0259di olur. Q\u0131sa bir zaman \u00e7\u0259r\u00e7iv\u0259sind\u0259 o, doktorluq dissertasiyas\u0131n\u0131 da m\u00fcdafi\u0259 edir. 1929-cu ild\u0259 32 ya\u015fl\u0131 \u018fziz \u018fliyev Az\u0259rbaycan S\u0259hiyy\u0259 Komissarl\u0131\u011f\u0131nda s\u0259hiyy\u0259 komissar\u0131n\u0131n m\u00fcavini v\u0259zif\u0259sind\u0259 \u00e7al\u0131\u015f\u0131r.<\/p>\n\n\n\n<p>G\u0259l\u0259c\u0259k taleyini tibb elmin\u0259 h\u0259sr etm\u0259yi qar\u015f\u0131s\u0131na m\u0259qs\u0259d qoyan Z\u0259rif\u0259 xan\u0131m 1942-ci ild\u0259 orta m\u0259kt\u0259bi bitirdikd\u0259n sonra Az\u0259rbaycan D\u00f6vl\u0259t Tibb \u0130nstitutunun m\u00fcalic\u0259-profilaktika fak\u00fclt\u0259sin\u0259 daxil olur v\u0259 1947-ci ild\u0259 institutu \u0259la qiym\u0259tl\u0259rl\u0259 bitirir. M\u0259hz h\u0259min d\u00f6vrd\u0259 Az\u0259rbaycanda g\u00f6z\u00fc z\u0259d\u0259l\u0259y\u0259n v\u0259 a\u011f\u0131r n\u0259tic\u0259y\u0259, h\u0259tta tam korlu\u011fa s\u0259b\u0259b olan traxoma infeksion x\u0259st\u0259liyi geni\u015f yay\u0131lm\u0131\u015fd\u0131. Ona qar\u015f\u0131 t\u0259sirli m\u00fcalic\u0259 \u00fcsullar\u0131 is\u0259 yox idi. Ona g\u00f6r\u0259 d\u0259 bu infeksiya v\u0259 onun a\u011f\u0131r n\u0259tic\u0259l\u0259ri il\u0259 effektiv m\u00fcbariz\u0259 t\u0259kc\u0259 oftalmologiya elmi \u00fc\u00e7\u00fcn deyil, b\u00fct\u00f6vl\u00fckd\u0259 respublikan\u0131n s\u0259hiyy\u0259si \u00fc\u00e7\u00fcn m\u00fch\u00fcm \u0259h\u0259miyy\u0259t da\u015f\u0131y\u0131rd\u0131. Bel\u0259 bir d\u00f6vrd\u0259 Z\u0259rif\u0259 xan\u0131m traxoma x\u0259st\u0259liyin\u0259 qar\u015f\u0131 apar\u0131lan m\u00fcalic\u0259vi v\u0259 profilaktik t\u0259dbirl\u0259rin t\u0259\u015fkilind\u0259 v\u0259 ke\u00e7irilm\u0259sind\u0259 f\u0259al i\u015ftirak edir, konkret m\u00fcalic\u0259 t\u0259cr\u00fcb\u0259sind\u0259n ba\u015fqa Az\u0259rbaycanda traxoma x\u0259st\u0259liyinin daha geni\u015f yay\u0131ld\u0131\u011f\u0131 rayonlara gedir, h\u0259kim-oftalmoloqlara m\u0259ruz\u0259l\u0259r oxuyur, \u0259hali aras\u0131nda \u00e7oxlu s\u00f6hb\u0259tl\u0259r apar\u0131rd\u0131.<\/p>\n\n\n\n<p>1960-c\u0131 ild\u0259n 1967-ci il\u0259d\u0259k Z\u0259rif\u0259 xan\u0131m Oftalmologiya \u0130nstitutunda b\u00f6y\u00fck elmi i\u015f\u00e7i v\u0259zif\u0259sind\u0259 \u00e7al\u0131\u015fm\u0131\u015fd\u0131r. 1963-c\u00fc ild\u0259 SSR\u0130 Ali Attestasiya Komissiyas\u0131 ona \u00abOftalmologiya\u00bb ixtisas\u0131 \u00fczr\u0259 b\u00f6y\u00fck elmi i\u015f\u00e7i ad\u0131 vermi\u015fdir.<\/p>\n\n\n\n<p>1967-ci ild\u0259 Z.\u018f.\u018fliyeva Az\u0259rbaycan D\u00f6vl\u0259t H\u0259kiml\u0259ri T\u0259kmill\u0259\u015fdirm\u0259 \u0130nstitutunun g\u00f6z x\u0259st\u0259likl\u0259ri kafedras\u0131na dosent v\u0259zif\u0259sin\u0259 d\u0259v\u0259t olunur. Bu institut \u00f6mr\u00fcn\u00fcn son ill\u0259rind\u0259 h\u0259min kollektiv\u0259 r\u0259hb\u0259rlik etmi\u015f m\u0259rhum professor \u018fziz M\u0259mm\u0259dk\u0259rim o\u011flu \u018fliyevin \u2013 Z\u0259rif\u0259 xan\u0131m\u0131n atas\u0131n\u0131n ad\u0131n\u0131 da\u015f\u0131y\u0131rd\u0131.<\/p>\n\n\n\n<p>H\u0259min d\u00f6vrd\u0259 Z\u0259rif\u0259 \u018fziz q\u0131z\u0131 h\u0259kimlik f\u0259aliyy\u0259ti il\u0259 m\u0259\u015f\u011ful olur: bir \u00e7ox c\u0259rrahiy\u0259 \u0259m\u0259liyyatlar\u0131 apar\u0131r, x\u0259st\u0259l\u0259r\u0259 m\u0259sl\u0259h\u0259tl\u0259r verir, \u00fcst\u0259lik onun f\u0259aliyy\u0259ti yaln\u0131z \u00f6z klinikas\u0131na qapan\u0131b qalm\u0131r, b\u00fct\u00fcn oftalmologiya t\u0259\u015fkilatlar\u0131n\u0131 v\u0259 \u015f\u00f6b\u0259l\u0259rini \u0259hat\u0259 edir. Bununla yana\u015f\u0131 o, g\u00f6z x\u0259st\u0259likl\u0259ri \u00fczr\u0259 t\u0259kmill\u0259\u015fdirm\u0259 kurslar\u0131n\u0131n dinl\u0259yici h\u0259kiml\u0259ri il\u0259 pedaqoji i\u015f apar\u0131r.<\/p>\n\n\n\n<p>Tibbi t\u0259cr\u00fcb\u0259 v\u0259 kadr haz\u0131rl\u0131\u011f\u0131 m\u0259s\u0259l\u0259l\u0259ri il\u0259 \u00e7ox ciddi m\u0259\u015f\u011ful olmas\u0131na baxmayaraq Z.\u018f.\u018fliyeva elmi t\u0259dqiqat i\u015fl\u0259rinin davam etdirilm\u0259sin\u0259 b\u00f6y\u00fck \u0259h\u0259miyy\u0259t verir. H\u0259min d\u00f6vrd\u0259 o, oftalmologiyan\u0131n bir s\u0131ra aktual m\u0259s\u0259l\u0259l\u0259rin\u0259 diqq\u0259t yetirir. Bu m\u0259s\u0259l\u0259l\u0259r aras\u0131nda diaqnostika, qlaukoman\u0131n v\u0259 g\u00f6rm\u0259 orqan\u0131n\u0131n iltihab\u0131n\u0131n m\u00fcalic\u0259si v\u0259 s. x\u00fcsusi yer tutur. Onun diqq\u0259tini oftalmologiyan\u0131n elmi c\u0259h\u0259td\u0259n az ara\u015fd\u0131r\u0131lm\u0131\u015f sah\u0259si \u2013 g\u00f6rm\u0259 orqan\u0131n\u0131n patologiyas\u0131 c\u0259lb edir. Bu problemin aktuall\u0131\u011f\u0131 yaln\u0131z kimya v\u0259 elektronika s\u0259nayesinin geni\u015f inki\u015faf\u0131 il\u0259 yox, h\u0259m d\u0259 bir \u00e7ox yeni kimy\u0259vi birl\u0259\u015fm\u0259l\u0259rin g\u00f6rm\u0259 orqan\u0131na t\u0259sirinin dem\u0259k olar ki, elmi \u015f\u0259kild\u0259 t\u0259dqiq olunmamas\u0131 il\u0259 \u0259laq\u0259dar idi.<\/p>\n\n\n\n<p>1968-ci ild\u0259n ba\u015flayaraq Z.\u018f.\u018fliyeva m\u0259qs\u0259dy\u00f6nl\u00fc \u015f\u0259kild\u0259 g\u00f6rm\u0259 orqan\u0131n\u0131n patologiyas\u0131 il\u0259 m\u0259\u015f\u011ful olma\u011fa ba\u015flad\u0131. Qeyd etm\u0259k laz\u0131md\u0131r ki, bir s\u0131ra ciddi elmi m\u0259s\u0259l\u0259l\u0259rl\u0259 yana\u015f\u0131 Z\u0259rif\u0259 xan\u0131m b\u00fct\u00fcn \u00f6mr\u00fc boyu pe\u015f\u0259 il\u0259 \u0259laq\u0259dar \u0259m\u0259l\u0259 g\u0259l\u0259n g\u00f6z x\u0259st\u0259liyi probleml\u0259rin\u0259 x\u00fcsusi maraq g\u00f6st\u0259rmi\u015fdir. Eyni zamanda, o, bir s\u0131ra m\u0259s\u0259l\u0259l\u0259r\u0259, o c\u00fcml\u0259d\u0259n yod-s\u0259naye m\u00fc\u0259ssis\u0259l\u0259rind\u0259, neft-kimya s\u0259nayesind\u0259 \u00e7al\u0131\u015fan \u015f\u0259xsl\u0259rin g\u00f6rm\u0259 orqanlar\u0131na t\u0259sir ed\u0259n amill\u0259r\u0259 \u0259sas diqq\u0259t yetirmi\u015fdir.<\/p>\n\n\n\n<p>1981-ci ild\u0259 oftalmologiyan\u0131n inki\u015faf\u0131na verdiyi b\u00f6y\u00fck t\u00f6hf\u0259y\u0259 \u2013 g\u00f6rm\u0259 orqan\u0131n\u0131n pe\u015f\u0259 patologiyas\u0131 sah\u0259sind\u0259 apard\u0131\u011f\u0131 elmi t\u0259dqiqatlara g\u00f6r\u0259 professor Z.\u018f.\u018fliyeva oftalmologiya al\u0259mind\u0259 \u0259n y\u00fcks\u0259k m\u00fckafata \u2013 SSR\u0130 Tibb Elml\u0259ri Akademiyas\u0131n\u0131n akademik M.\u0130.Averbax ad\u0131na m\u00fckafat\u0131na layiq g\u00f6r\u00fcld\u00fc. Qeyd olunmal\u0131d\u0131r ki, professor Z.\u018f.\u018fliyeva h\u0259min m\u00fckafata layiq g\u00f6r\u00fcl\u0259n ilk qad\u0131n idi.<\/p>\n\n\n\n<p>B\u00f6y\u00fck xidm\u0259tl\u0259rin\u0259, \u00e7oxillik elmi-t\u0259dqiqat i\u015fl\u0259rin\u0259 g\u00f6r\u0259 professor Z.\u018f.\u018fliyeva 1983-c\u00fc ild\u0259 Az\u0259rbaycan Respublikas\u0131 Elml\u0259r Akademiyas\u0131n\u0131n akademiki se\u00e7ilmi\u015fdir.<\/p>\n\n\n\n<p>Akademik Z.\u018f.\u018fliyeva \u00f6mr\u00fc boyu b\u00f6y\u00fck ictimai i\u015f aparm\u0131\u015f, ke\u00e7mi\u015f SSR\u0130-nin S\u00fclh\u00fc M\u00fcdafi\u0259 Komit\u0259sinin \u00fczv\u00fc, Az\u0259rbaycan S\u00fclh\u00fc M\u00fcdafi\u0259 Komit\u0259si s\u0259drinin m\u00fcavini, \u00abBilik\u00bb C\u0259miyy\u0259ti \u0130dar\u0259 Hey\u0259tinin \u00fczv\u00fc v\u0259 ke\u00e7mi\u015f \u0130ttifaq\u0131n Oftalmoloqlar\u0131 Elmi C\u0259miyy\u0259ti \u0130dar\u0259 Hey\u0259tinin \u00fczv\u00fc olmu\u015fdur. O h\u0259m d\u0259 \u00abOftalmologiya x\u0259b\u0259rl\u0259ri\u00bb jurnal\u0131n\u0131n redaksiya hey\u0259tinin \u00fczv\u00fc idi.<\/p>\n\n\n\n<p>Z.\u018f.\u018fliyeva bir s\u0131ra orden v\u0259 medallara layiq g\u00f6r\u00fclm\u00fc\u015f, Az\u0259rbaycan\u0131n \u0259m\u0259kdar elm xadimi f\u0259xri ad\u0131n\u0131 alm\u0131\u015fd\u0131r.<\/p>\n\n\n\n<p>B\u00fct\u00fcn bu elmi f\u0259aliyy\u0259ti il\u0259 yana\u015f\u0131 Z\u0259rif\u0259 xan\u0131m eyni zamanda qay\u011f\u0131ke\u015f ana, g\u00f6z\u0259l, v\u0259fal\u0131 \u00f6m\u00fcr-g\u00fcn yolda\u015f\u0131 olmu\u015fdur. Bu ocaqda iki \u00f6vlad b\u00f6y\u00fcy\u00fcb \u2013 ata-anas\u0131na layiq, q\u0259lbl\u0259rind\u0259 daim Az\u0259rbaycan sevgisi ya\u015fadan, v\u0259t\u0259nimizin q\u00fcruru say\u0131lan \u00f6vladlar kimi. Deyirl\u0259r, ana \u00f6vlad\u0131n\u0131 \u00f6z\u00fcnd\u0259n d\u0259 \u00e7ox ist\u0259yir. Tanr\u0131n\u0131n b\u0259x\u015f etdiyi \u00f6vladlar\u0131na qar\u015f\u0131 Z\u0259rif\u0259 xan\u0131m m\u0259hz bel\u0259 ana idi. Eni\u015fli-yoxu\u015flu \u00f6m\u00fcr yollar\u0131nda birg\u0259 add\u0131mlad\u0131\u011f\u0131 h\u0259yat yolda\u015f\u0131, \u00fcmummilli liderimiz, \u0259b\u0259di prezidentimiz Heyd\u0259r \u018fliyev g\u0259rgin f\u0259aliyy\u0259tl\u0259 m\u0259\u015f\u011ful olan, h\u0259yat\u0131n\u0131 b\u00fct\u00f6vl\u00fckd\u0259 Az\u0259rbaycana h\u0259sr ed\u0259n b\u00f6y\u00fck \u015f\u0259xsiyy\u0259t kimi yorulmadan m\u00fcq\u0259dd\u0259s amallar yolunda \u00f6z q\u00fcvv\u0259sini \u0259sirg\u0259mirdi.<\/p>\n\n\n\n<p>T\u0259\u0259ss\u00fcf ki, m\u00fcst\u0259qil Az\u0259rbaycan\u0131m\u0131z\u0131n bu g\u00fcn\u00fcn\u00fc g\u00f6r\u0259 bilm\u0259di Z\u0259rif\u0259 xan\u0131m. \u00d6mr\u00fcn\u00fcn 62-ci bahar\u0131nda, 1985-ci il aprelin 15-d\u0259 Moskva \u015f\u0259h\u0259rind\u0259 d\u00fcnyas\u0131n\u0131 d\u0259yi\u015fdi. Az\u0259rbaycan adl\u0131 bir m\u0259ml\u0259k\u0259ti h\u0259r c\u00fcr t\u0259qibl\u0259rd\u0259n qoruyan, bu torpa\u011fa qol-qanad ver\u0259n, onu b\u00fct\u00fcn d\u00fcnyaya tan\u0131dan bir insan\u0131 t\u0259k qoyub getdi. Sars\u0131ld\u0131, h\u0259yat\u0131 q\u0259d\u0259r sevdiyi Z\u0259rif\u0259 xan\u0131m\u0131 itirdi, onun yoxlu\u011fu il\u0259 he\u00e7 c\u00fcr bar\u0131\u015fa bilm\u0259di. Bir azca q\u0259ddi d\u0259 \u0259yildi, amma s\u0131nmad\u0131. Ya\u015fad\u0131&#8230;<\/p>\n\n\n\n<p>Q\u0259lbind\u0259 olan Az\u0259rbaycan sevgisi onu ya\u015fatd\u0131. \u00c7\u00fcnki O, Az\u0259rbaycan \u00fc\u00e7\u00fcn laz\u0131m idi. D\u0259rin bir u\u00e7uruma yuvarlanan Az\u0259rbaycan\u0131 ancaq o xilas ed\u0259 bil\u0259rdi. Xilas etdi d\u0259. Qalan \u00f6mr\u00fcn\u00fc odlar yurdunun rifah\u0131 namin\u0259 f\u0259da etdi. Az\u0259rbaycan\u0131n inki\u015faf\u0131 \u00fc\u00e7\u00fcn \u0259lind\u0259n g\u0259l\u0259ni \u0259sirg\u0259m\u0259di. Lakin h\u0259mi\u015f\u0259 onun ruhunu yan\u0131nda hiss etdi, ondan g\u00fcc-q\u00fcvv\u0259 ald\u0131. 2003-c\u00fc il dekabr\u0131n 12-d\u0259 Z\u0259rif\u0259 xan\u0131m\u0131n k\u0259d\u0259rli bax\u0131\u015flar\u0131na bir sevinc b\u0259x\u015f etdi. Eni\u015fli-yoxu\u015flu yollarda birg\u0259 add\u0131mlad\u0131\u011f\u0131 \u00f6m\u00fcr-g\u00fcn yolda\u015f\u0131na qovu\u015fdu. Bir-birl\u0259rin\u0259 qovu\u015fduqlar\u0131 \u00fc\u00e7\u00fcn sevindil\u0259r. Amma arxada g\u00f6z\u00fc ya\u015fl\u0131 milyonlarla insan qald\u0131&#8230;<\/p>\n\n\n\n<figure class=\"wp-block-gallery has-nested-images columns-default is-cropped wp-block-gallery-1 is-layout-flex wp-block-gallery-is-layout-flex\">\n<figure class=\"wp-block-image size-large\"><a href=\"https:\/\/pedf.gdu.edu.az\/wp-content\/uploads\/2026\/04\/bu-gun-zerife-eliyevanin-dogum-gunudur-1.webp\" data-rel=\"lightbox-image-0\" data-rl_title=\"\" data-rl_caption=\"\" title=\"\"><img loading=\"lazy\" decoding=\"async\" width=\"1200\" height=\"800\" data-id=\"12724\" src=\"https:\/\/pedf.gdu.edu.az\/wp-content\/uploads\/2026\/04\/bu-gun-zerife-eliyevanin-dogum-gunudur-1.webp\" alt=\"\" class=\"wp-image-12724\" srcset=\"https:\/\/pedf.gdu.edu.az\/wp-content\/uploads\/2026\/04\/bu-gun-zerife-eliyevanin-dogum-gunudur-1.webp 1200w, https:\/\/pedf.gdu.edu.az\/wp-content\/uploads\/2026\/04\/bu-gun-zerife-eliyevanin-dogum-gunudur-1-768x512.webp 768w, https:\/\/pedf.gdu.edu.az\/wp-content\/uploads\/2026\/04\/bu-gun-zerife-eliyevanin-dogum-gunudur-1-1140x760.webp 1140w, https:\/\/pedf.gdu.edu.az\/wp-content\/uploads\/2026\/04\/bu-gun-zerife-eliyevanin-dogum-gunudur-1-570x380.webp 570w, https:\/\/pedf.gdu.edu.az\/wp-content\/uploads\/2026\/04\/bu-gun-zerife-eliyevanin-dogum-gunudur-1-380x254.webp 380w, https:\/\/pedf.gdu.edu.az\/wp-content\/uploads\/2026\/04\/bu-gun-zerife-eliyevanin-dogum-gunudur-1-285x190.webp 285w\" sizes=\"auto, (max-width: 1200px) 100vw, 1200px\" \/><\/a><\/figure>\n<\/figure>\n","protected":false},"excerpt":{"rendered":"<p>Z\u0259rif\u0259 xan\u0131m \u018fliyeva 1923-c\u00fc il aprelin 28-d\u0259 Az\u0259rbaycan\u0131n dilb\u0259r gu\u015f\u0259si olan Nax\u00e7\u0131van Muxtar Respublikas\u0131 \u015e\u0259rur rayonunun \u015eahtaxt\u0131 k\u0259ndind\u0259 anadan olmu\u015fdur. 23-c\u00fc ilin yaz\u0131 d\u00f6vr\u00fcn\u00fcn g\u00f6rk\u0259mli d\u00f6vl\u0259t v\u0259 ictimai-siyasi xadimi, elm f\u0259daisi, b\u00f6y\u00fck \u015f\u0259xsiyy\u0259t \u018fziz M\u0259mm\u0259dk\u0259rim o\u011flu \u018fliyevin ail\u0259sind\u0259 onillikl\u0259r sonra ail\u0259nin ad\u0131n\u0131 daha da ucal\u0131qlara qald\u0131racaq, V\u0259t\u0259n\u0259 layiqli \u00f6vlad olacaq, xalq\u0131na xidm\u0259ti h\u0259r \u015feyd\u0259n \u00fcmd\u0259<\/p>\n<p><a href=\"https:\/\/pedf.gdu.edu.az\/?p=12723\" class=\"more-link themebutton\">Daha \u0259trafl\u0131 <\/a><\/p>\n","protected":false},"author":4,"featured_media":12724,"comment_status":"closed","ping_status":"open","sticky":false,"template":"","format":"standard","meta":{"footnotes":""},"categories":[1],"tags":[],"class_list":["post-12723","post","type-post","status-publish","format-standard","has-post-thumbnail","hentry","category-sas"],"_links":{"self":[{"href":"https:\/\/pedf.gdu.edu.az\/index.php?rest_route=\/wp\/v2\/posts\/12723","targetHints":{"allow":["GET"]}}],"collection":[{"href":"https:\/\/pedf.gdu.edu.az\/index.php?rest_route=\/wp\/v2\/posts"}],"about":[{"href":"https:\/\/pedf.gdu.edu.az\/index.php?rest_route=\/wp\/v2\/types\/post"}],"author":[{"embeddable":true,"href":"https:\/\/pedf.gdu.edu.az\/index.php?rest_route=\/wp\/v2\/users\/4"}],"replies":[{"embeddable":true,"href":"https:\/\/pedf.gdu.edu.az\/index.php?rest_route=%2Fwp%2Fv2%2Fcomments&post=12723"}],"version-history":[{"count":2,"href":"https:\/\/pedf.gdu.edu.az\/index.php?rest_route=\/wp\/v2\/posts\/12723\/revisions"}],"predecessor-version":[{"id":12740,"href":"https:\/\/pedf.gdu.edu.az\/index.php?rest_route=\/wp\/v2\/posts\/12723\/revisions\/12740"}],"wp:featuredmedia":[{"embeddable":true,"href":"https:\/\/pedf.gdu.edu.az\/index.php?rest_route=\/wp\/v2\/media\/12724"}],"wp:attachment":[{"href":"https:\/\/pedf.gdu.edu.az\/index.php?rest_route=%2Fwp%2Fv2%2Fmedia&parent=12723"}],"wp:term":[{"taxonomy":"category","embeddable":true,"href":"https:\/\/pedf.gdu.edu.az\/index.php?rest_route=%2Fwp%2Fv2%2Fcategories&post=12723"},{"taxonomy":"post_tag","embeddable":true,"href":"https:\/\/pedf.gdu.edu.az\/index.php?rest_route=%2Fwp%2Fv2%2Ftags&post=12723"}],"curies":[{"name":"wp","href":"https:\/\/api.w.org\/{rel}","templated":true}]}}