{"id":1543,"date":"2016-11-07T14:20:20","date_gmt":"2016-11-07T12:20:20","guid":{"rendered":"http:\/\/pf.gdu.edu.az\/?p=1543"},"modified":"2016-11-10T15:22:02","modified_gmt":"2016-11-10T13:22:02","slug":"ii-az%c9%99rbaycan-elm-festivali","status":"publish","type":"post","link":"http:\/\/pedf.gdu.edu.az\/?p=1543","title":{"rendered":"II AZ\u018fRBAYCAN ELM FEST\u0130VALI."},"content":{"rendered":"<div id=\"metaslider-id-1544\" style=\"max-width: 800px;\" class=\"ml-slider-3-106-0 metaslider metaslider-nivo metaslider-1544 ml-slider ms-theme-nivo-light\" role=\"region\" aria-label=\"Elm festival\u0131\" data-height=\"600\" data-width=\"800\">\n    <div id=\"metaslider_container_1544\">\n        <div class='slider-wrapper theme-default'><div class='ribbon'><\/div><div id='metaslider_1544' class='nivoSlider'><img loading=\"lazy\" decoding=\"async\" src=\"http:\/\/pedf.gdu.edu.az\/wp-content\/uploads\/2016\/11\/15000685_1161144210628524_2645879934357740322_o.jpg\" height=\"600\" width=\"800\" alt=\"\" class=\"slider-1544 slide-1547 msDefaultImage\" \/><img loading=\"lazy\" decoding=\"async\" src=\"http:\/\/pedf.gdu.edu.az\/wp-content\/uploads\/2016\/11\/14908291_1161144143961864_6221452993786517953_n.jpg\" height=\"600\" width=\"800\" alt=\"\" class=\"slider-1544 slide-1551 msDefaultImage\" \/><img loading=\"lazy\" decoding=\"async\" src=\"http:\/\/pedf.gdu.edu.az\/wp-content\/uploads\/2016\/11\/14947944_1161144183961860_8194625387138085201_n.jpg\" height=\"600\" width=\"800\" alt=\"\" class=\"slider-1544 slide-1552 msDefaultImage\" \/><img loading=\"lazy\" decoding=\"async\" src=\"http:\/\/pedf.gdu.edu.az\/wp-content\/uploads\/2016\/11\/14976330_1161144513961827_8595083057134890453_o.jpg\" height=\"600\" width=\"800\" alt=\"\" class=\"slider-1544 slide-1545 msDefaultImage\" \/><img loading=\"lazy\" decoding=\"async\" src=\"http:\/\/pedf.gdu.edu.az\/wp-content\/uploads\/2016\/11\/14991312_1161144517295160_6706998710251741938_o.jpg\" height=\"600\" width=\"800\" alt=\"\" class=\"slider-1544 slide-1546 msDefaultImage\" \/><img loading=\"lazy\" decoding=\"async\" src=\"http:\/\/pedf.gdu.edu.az\/wp-content\/uploads\/2016\/11\/14918996_1161144450628500_5175091360551250357_o.jpg\" height=\"600\" width=\"800\" alt=\"\" class=\"slider-1544 slide-1548 msDefaultImage\" \/><img loading=\"lazy\" decoding=\"async\" src=\"http:\/\/pedf.gdu.edu.az\/wp-content\/uploads\/2016\/11\/14940022_1161144457295166_6831097141246422516_o.jpg\" height=\"600\" width=\"800\" alt=\"\" class=\"slider-1544 slide-1549 msDefaultImage\" \/><img loading=\"lazy\" decoding=\"async\" src=\"http:\/\/pedf.gdu.edu.az\/wp-content\/uploads\/2016\/11\/15003231_1161144463961832_1013207232116854133_o.jpg\" height=\"600\" width=\"800\" alt=\"\" class=\"slider-1544 slide-1550 msDefaultImage\" \/><\/div><\/div>\n        \n    <\/div>\n<\/div>\n<p>Az\u0259rbaycan Milli Elml\u0259r Akademiyas\u0131n\u0131n t\u0259\u015f\u0259bb\u00fcs\u00fc il\u0259 ke\u00e7iril\u0259n v\u0259 respublikan\u0131n elmi ictimaiyy\u0259ti t\u0259r\u0259find\u0259n b\u00f6y\u00fck r\u0259\u011fb\u0259tl\u0259 qar\u015f\u0131lanan \u0130kinci Az\u0259rbaycan Elm Festival\u0131 noyabr\u0131n 5-d\u0259 Avropan\u0131n G\u0259ncl\u0259r Paytaxt\u0131 G\u0259nc\u0259 \u015f\u0259h\u0259rind\u0259 bir s\u0131ra t\u0259dbirl\u0259rd\u0259n sonra i\u015fin\u0259 yekun vurub.<\/p>\n<p>Sonra festivalda AMEA-n\u0131n Biologiya v\u0259 Tibb Elml\u0259ri B\u00f6lm\u0259sinin akademik-katibi, Milli M\u0259clisin deputat\u0131 \u018fhliman \u018fmiraslanov \u00e7\u0131x\u0131\u015f ed\u0259r\u0259k bildirib ki, elm festival\u0131n\u0131n ke\u00e7irilm\u0259sind\u0259 m\u0259qs\u0259d \u00f6lk\u0259d\u0259 elmin t\u0259bli\u011f edilm\u0259si, elmi t\u0259dqiqatlarla t\u0259hsilin inteqrasiyas\u0131n\u0131 t\u0259min etm\u0259k, el\u0259c\u0259 d\u0259 apar\u0131lan elmi ara\u015fd\u0131rmalar\u0131n t\u0259cr\u00fcb\u0259y\u0259 t\u0259tbiqin\u0259 nail olmaqd\u0131r.<\/p>\n<p>AMEA-n\u0131n vitse-prezidenti \u0130brahim Quliyev \u00e7\u0131x\u0131\u015f\u0131nda Az\u0259rbaycan Milli Elml\u0259r Akademiyas\u0131n\u0131n t\u0259\u015f\u0259bb\u00fcs\u00fc il\u0259 ke\u00e7iril\u0259n festival\u0131n elm v\u0259 c\u0259miyy\u0259t aras\u0131ndak\u0131 dialoqun qurulmas\u0131na xidm\u0259t etdiyini s\u00f6yl\u0259yib. O, \u0130kinci Elm Festival\u0131n\u0131n G\u0259nc\u0259 \u015f\u0259h\u0259rind\u0259 ke\u00e7irilm\u0259sinin \u0259lam\u0259tdar hadis\u0259 oldu\u011funu v\u0259 G\u0259nc\u0259 elminin inki\u015faf\u0131na b\u00f6y\u00fck t\u00f6hf\u0259 ver\u0259c\u0259yini bildirib.<\/p>\n<p>\u00c7\u0131x\u0131\u015f\u0131nda XII \u0259srin dahi m\u00fct\u0259f\u0259kkiri, filosof-\u015fair Nizami G\u0259nc\u0259vinin humanizm f\u0259ls\u0259f\u0259sini t\u0259hlil ed\u0259n AMEA-n\u0131n Humanitar Elml\u0259r B\u00f6lm\u0259sinin akademik-katibi Teymur K\u0259rimli \u015fairin \u0259s\u0259rl\u0259rind\u0259 elmin t\u0259bli\u011fin\u0259 geni\u015f yer verdiyini vur\u011fulay\u0131b.<\/p>\n<p>Akademiyan\u0131n Fizika \u0130nstitutunun direktoru Nazim M\u0259mm\u0259dov is\u0259 G\u0259nc\u0259d\u0259 m\u00fcxt\u0259lif elm v\u0259 t\u0259hsil m\u0259rk\u0259zl\u0259rind\u0259 f\u0259aliyy\u0259t g\u00f6st\u0259r\u0259n g\u0259nc aliml\u0259ri \u0259m\u0259kda\u015fl\u0131\u011fa d\u0259v\u0259t edib.<\/p>\n<p>MEA-n\u0131n G\u0259nc\u0259 B\u00f6lm\u0259sinin akademik-katibi Fuad \u018fliyev \u00e7\u0131x\u0131\u015f ed\u0259r\u0259k Elmin \u0130nki\u015faf\u0131 \u00fczr\u0259 Milli Strategiyada \u0259ksini tapan elmi-texniki potensial\u0131n qorunub saxlan\u0131lmas\u0131, elm v\u0259 t\u0259hsil sah\u0259sind\u0259 y\u00fcks\u0259kixtisasl\u0131 kadrlar\u0131n haz\u0131rlanmas\u0131 prosesinin elmi-t\u0259dqiqat m\u00fc\u0259ssis\u0259l\u0259rinin \u00fcz\u0259rin\u0259 b\u00f6y\u00fck m\u0259suliyy\u0259t qoydu\u011funu s\u00f6yl\u0259yib. \u00dcmumrusiya Elm Festival\u0131n\u0131n direktoru Leonid Qusev m\u00fcasir d\u00f6vrd\u0259 elm sah\u0259sind\u0259 g\u0259nc kadrlar\u0131n haz\u0131rlanmas\u0131n\u0131n, onlar\u0131n d\u00fczg\u00fcn istiqam\u0259tl\u0259ndirilm\u0259si v\u0259 d\u0259st\u0259kl\u0259nm\u0259sinin vacib oldu\u011funu qeyd edib. O, alim v\u0259 m\u00fct\u0259x\u0259ssisl\u0259ri bu prosesd\u0259 f\u0259al i\u015ftirak etm\u0259y\u0259 \u00e7a\u011f\u0131r\u0131b.<\/p>\n<p>Daha sonra Az\u0259rbaycan Milli Elml\u0259r Akademiyas\u0131n\u0131n G\u0259nc\u0259 B\u00f6lm\u0259sind\u0259, Az\u0259rbaycan D\u00f6vl\u0259t Aqrar Universitetind\u0259 v\u0259 G\u0259nc\u0259 D\u00f6vl\u0259t Universitetind\u0259 elmi-populyar m\u00fchazir\u0259l\u0259r dinl\u0259nilib, h\u0259m\u00e7inin muzeyl\u0259r\u0259, elmi laboratoriyalara v\u0259 emalatxanalara ekskursiyalar t\u0259\u015fkil olunub.<\/p>\n<p>Festivalda Pedaqoji fak\u00fclt\u0259nin g\u0259nc m\u00fc\u0259lliml\u0259ri- Kaz\u0131mova G\u00fcnay, N\u0259biyev Niyazi, X\u0259lilov Urfan i\u015ftirak etmi\u015fdir.<\/p>\n","protected":false},"excerpt":{"rendered":"<p>Az\u0259rbaycan Milli Elml\u0259r Akademiyas\u0131n\u0131n t\u0259\u015f\u0259bb\u00fcs\u00fc il\u0259 ke\u00e7iril\u0259n v\u0259 respublikan\u0131n elmi ictimaiyy\u0259ti t\u0259r\u0259find\u0259n b\u00f6y\u00fck r\u0259\u011fb\u0259tl\u0259 qar\u015f\u0131lanan \u0130kinci Az\u0259rbaycan Elm Festival\u0131 noyabr\u0131n 5-d\u0259 Avropan\u0131n G\u0259ncl\u0259r Paytaxt\u0131 G\u0259nc\u0259 \u015f\u0259h\u0259rind\u0259 bir s\u0131ra t\u0259dbirl\u0259rd\u0259n sonra i\u015fin\u0259 yekun vurub. Sonra festivalda AMEA-n\u0131n Biologiya v\u0259 Tibb Elml\u0259ri B\u00f6lm\u0259sinin akademik-katibi, Milli M\u0259clisin deputat\u0131 \u018fhliman \u018fmiraslanov \u00e7\u0131x\u0131\u015f ed\u0259r\u0259k bildirib ki, elm festival\u0131n\u0131n ke\u00e7irilm\u0259sind\u0259 m\u0259qs\u0259d<\/p>\n<p><a href=\"http:\/\/pedf.gdu.edu.az\/?p=1543\" class=\"more-link themebutton\">Daha \u0259trafl\u0131 <\/a><\/p>\n","protected":false},"author":4,"featured_media":1546,"comment_status":"open","ping_status":"open","sticky":false,"template":"","format":"standard","meta":{"footnotes":""},"categories":[1],"tags":[],"class_list":["post-1543","post","type-post","status-publish","format-standard","has-post-thumbnail","hentry","category-sas"],"_links":{"self":[{"href":"http:\/\/pedf.gdu.edu.az\/index.php?rest_route=\/wp\/v2\/posts\/1543","targetHints":{"allow":["GET"]}}],"collection":[{"href":"http:\/\/pedf.gdu.edu.az\/index.php?rest_route=\/wp\/v2\/posts"}],"about":[{"href":"http:\/\/pedf.gdu.edu.az\/index.php?rest_route=\/wp\/v2\/types\/post"}],"author":[{"embeddable":true,"href":"http:\/\/pedf.gdu.edu.az\/index.php?rest_route=\/wp\/v2\/users\/4"}],"replies":[{"embeddable":true,"href":"http:\/\/pedf.gdu.edu.az\/index.php?rest_route=%2Fwp%2Fv2%2Fcomments&post=1543"}],"version-history":[{"count":2,"href":"http:\/\/pedf.gdu.edu.az\/index.php?rest_route=\/wp\/v2\/posts\/1543\/revisions"}],"predecessor-version":[{"id":1554,"href":"http:\/\/pedf.gdu.edu.az\/index.php?rest_route=\/wp\/v2\/posts\/1543\/revisions\/1554"}],"wp:featuredmedia":[{"embeddable":true,"href":"http:\/\/pedf.gdu.edu.az\/index.php?rest_route=\/wp\/v2\/media\/1546"}],"wp:attachment":[{"href":"http:\/\/pedf.gdu.edu.az\/index.php?rest_route=%2Fwp%2Fv2%2Fmedia&parent=1543"}],"wp:term":[{"taxonomy":"category","embeddable":true,"href":"http:\/\/pedf.gdu.edu.az\/index.php?rest_route=%2Fwp%2Fv2%2Fcategories&post=1543"},{"taxonomy":"post_tag","embeddable":true,"href":"http:\/\/pedf.gdu.edu.az\/index.php?rest_route=%2Fwp%2Fv2%2Ftags&post=1543"}],"curies":[{"name":"wp","href":"https:\/\/api.w.org\/{rel}","templated":true}]}}